{"id":9618,"date":"2022-03-06T19:07:19","date_gmt":"2022-03-06T19:07:19","guid":{"rendered":"http:\/\/parafiabesko.pl\/?p=9618"},"modified":"2022-03-06T19:07:19","modified_gmt":"2022-03-06T19:07:19","slug":"prowadzacy-nabozenstwo-drogi-krzyzowej-w-parafii-besko-w-2022r","status":"publish","type":"post","link":"https:\/\/parafiabesko.pl\/?p=9618","title":{"rendered":"Prowadz\u0105cy Nabo\u017ce\u0144stwo Drogi krzy\u017cowej w Parafii Besko w 2022r."},"content":{"rendered":"<p>&nbsp;<\/p>\n<table>\n<tbody>\n<tr>\n<td width=\"217\">\n<h5><strong>Data<\/strong><\/h5>\n<\/td>\n<td width=\"387\">\n<h5><strong>Prowadz\u0105cy<\/strong><\/h5>\n<\/td>\n<\/tr>\n<tr>\n<td width=\"217\">\n<h5>4 marzec<\/h5>\n<\/td>\n<td width=\"387\">\n<h5>Akcja Katolicka<\/h5>\n<\/td>\n<\/tr>\n<tr>\n<td width=\"217\">\n<h5>11 marzec<\/h5>\n<\/td>\n<td width=\"387\">\n<h5>Schola Parafialna-dojrza\u0142a<\/h5>\n<\/td>\n<\/tr>\n<tr>\n<td width=\"217\">\n<h5>18 marzec<\/h5>\n<\/td>\n<td width=\"387\">\n<h5>Przedszkole S. Felicjanek<\/h5>\n<\/td>\n<\/tr>\n<tr>\n<td width=\"217\">\n<h5>25 marzec<\/h5>\n<\/td>\n<td width=\"387\">\n<h5>KSM + ministranci<\/h5>\n<\/td>\n<\/tr>\n<tr>\n<td width=\"217\">\n<h5>1 kwiecie\u0144<\/h5>\n<\/td>\n<td width=\"387\">\n<h5>Domowy Ko\u015bci\u00f3\u0142 +KWC<\/h5>\n<\/td>\n<\/tr>\n<tr>\n<td width=\"217\">\n<h5>8 kwiecie\u0144<\/h5>\n<\/td>\n<td width=\"387\">\n<h5>M\u0142odzie\u017cowa schola Parafialna<\/h5>\n<\/td>\n<\/tr>\n<\/tbody>\n<\/table>\n","protected":false},"excerpt":{"rendered":"<p>&nbsp; Data Prowadz\u0105cy 4 marzec Akcja Katolicka 11 marzec Schola Parafialna-dojrza\u0142a 18 marzec Przedszkole S. Felicjanek 25 marzec KSM + ministranci 1 kwiecie\u0144 Domowy Ko\u015bci\u00f3\u0142 +KWC 8 kwiecie\u0144 M\u0142odzie\u017cowa schola Parafialna<span class=\"more-link\"><a href=\"https:\/\/parafiabesko.pl\/?p=9618\">Czytaj wi\u0119cej<\/a><\/span><\/p>\n","protected":false},"author":1,"featured_media":0,"comment_status":"closed","ping_status":"open","sticky":false,"template":"","format":"standard","meta":{"footnotes":""},"categories":[6],"tags":[],"class_list":["entry","author-adminparafiibesko","post-9618","post","type-post","status-publish","format-standard","category-uncategorized"],"_links":{"self":[{"href":"https:\/\/parafiabesko.pl\/index.php?rest_route=\/wp\/v2\/posts\/9618","targetHints":{"allow":["GET"]}}],"collection":[{"href":"https:\/\/parafiabesko.pl\/index.php?rest_route=\/wp\/v2\/posts"}],"about":[{"href":"https:\/\/parafiabesko.pl\/index.php?rest_route=\/wp\/v2\/types\/post"}],"author":[{"embeddable":true,"href":"https:\/\/parafiabesko.pl\/index.php?rest_route=\/wp\/v2\/users\/1"}],"replies":[{"embeddable":true,"href":"https:\/\/parafiabesko.pl\/index.php?rest_route=%2Fwp%2Fv2%2Fcomments&post=9618"}],"version-history":[{"count":0,"href":"https:\/\/parafiabesko.pl\/index.php?rest_route=\/wp\/v2\/posts\/9618\/revisions"}],"wp:attachment":[{"href":"https:\/\/parafiabesko.pl\/index.php?rest_route=%2Fwp%2Fv2%2Fmedia&parent=9618"}],"wp:term":[{"taxonomy":"category","embeddable":true,"href":"https:\/\/parafiabesko.pl\/index.php?rest_route=%2Fwp%2Fv2%2Fcategories&post=9618"},{"taxonomy":"post_tag","embeddable":true,"href":"https:\/\/parafiabesko.pl\/index.php?rest_route=%2Fwp%2Fv2%2Ftags&post=9618"}],"curies":[{"name":"wp","href":"https:\/\/api.w.org\/{rel}","templated":true}]}}