{"id":9616,"date":"2022-03-06T18:33:15","date_gmt":"2022-03-06T18:33:15","guid":{"rendered":"http:\/\/parafiabesko.pl\/?p=9616"},"modified":"2022-03-06T18:33:15","modified_gmt":"2022-03-06T18:33:15","slug":"ogloszenia-parafialne-6-03-2022r","status":"publish","type":"post","link":"https:\/\/parafiabesko.pl\/?p=9616","title":{"rendered":"Og\u0142oszenia parafialne 6.03.2022r."},"content":{"rendered":"<p>1 Niedziela Wielkiego Postu<\/p>\n<p><strong><u>S\u0142owa Ojca \u015awi\u0119tego Papie\u017ca Franciszka:<\/u><\/strong><\/p>\n<p><strong>Pozdrawiam serdecznie wszystkich Polak\u00f3w!<br \/>\nWy, jako pierwsi, wsparli\u015bcie Ukrain\u0119, otwieraj\u0105c swoje granice, swoje serca i drzwi swoich dom\u00f3w dla Ukrai\u0144c\u00f3w uciekaj\u0105cych przed wojn\u0105. Hojnie ofiarujecie im wszystko, czego potrzebuj\u0105, by mogli \u017cy\u0107 godnie, pomimo dramatu obecnej chwili. <\/strong><strong>Jestem Wam g\u0142\u0119boko wdzi\u0119czny i z serca Wam b\u0142ogos\u0142awi\u0119!<\/strong><\/p>\n<p><strong>\u00a0<\/strong>Dzisiaj <strong>Gorzkie \u017cale<\/strong> z kazaniem pasyjnym w Besku o godz. 16.00. Adoruje r\u00f3\u017ca Matki Bo\u017cej R\u00f3\u017ca\u0144cowej prze\u0142o\u017cona Beata Hedesz w przysz\u0142\u0105 niedziel\u0119 adoruje r\u00f3\u017ca Niepokalanego Serca NMP prze\u0142o\u017cona Anna Szul. W ko\u015bcio\u0142ach filialnych Nabo\u017ce\u0144stwo Gorzkich \u017cali i Msza \u015bw. w Mymoniu o godz. 8.30, a w Por\u0119bach o godz. 10.00.<\/p>\n<p><strong>\u00a0<\/strong>Od<strong> czwartku rozpocz\u0119li\u015bmy w Archidiecezji Przemyskiej<\/strong><em><strong>Nowenn\u0119 za kap\u0142an\u00f3w oraz o\u00a0powo\u0142ania kap\u0142a\u0144skie, zakonne i misyjne za przyczyn\u0105 \u015bw. Andrzeja Boboli, Patrona Polski<\/strong><\/em><strong>.<\/strong><\/p>\n<p>We wtorek <strong>Dzie\u0144 Kobiet<\/strong> modlimy si\u0119 w intencji kobiet.<\/p>\n<p>W pi\u0105tek <strong>Nabo\u017ce\u0144stwo Drogi krzy\u017cowej<\/strong> w Besku rano po Mszy \u015bw. o godz. 7.00, po po\u0142udniu o godz. 17.00. W ko\u015bcio\u0142ach filialnych Nabo\u017ce\u0144stwo Drogi krzy\u017cowej i Komunia \u015bw. w Por\u0119bach o godz. 16.00, a w Mymoniu o godz. 17.00.<\/p>\n<p><u>Taca z dzisiejszej niedziel przeznaczona na Seminarium Duchowne w Przemy\u015blu.<\/u><\/p>\n<p><u>\u00a0Za tydzie\u0144 sk\u0142adka do puszek na misje <strong><em>ad gentes.<\/em><\/strong> <\/u><\/p>\n<p>Po Mszach \u015bwi\u0119tych mo\u017cna naby\u0107 \u015bwiece paschaliki przygotowane przez Caritas. Wielkanocne Dzie\u0142o Pomocy Chorym i Niepe\u0142nosprawnym. Caritas rozprowadza paschaliki na st\u00f3\u0142 \u015bwi\u0105teczny. Ofiary 10 z\u0142 za paschalik. R\u00f3wnocze\u015bnie Caritas dzi\u0119kuje za przekazanie 1% podatku na rzecz Stowarzyszenia Caritas.<\/p>\n","protected":false},"excerpt":{"rendered":"<p>1 Niedziela Wielkiego Postu S\u0142owa Ojca \u015awi\u0119tego Papie\u017ca Franciszka: Pozdrawiam serdecznie wszystkich Polak\u00f3w! Wy, jako pierwsi, wsparli\u015bcie Ukrain\u0119, otwieraj\u0105c swoje granice, swoje serca i drzwi swoich dom\u00f3w dla Ukrai\u0144c\u00f3w uciekaj\u0105cych przed wojn\u0105. Hojnie ofiarujecie im wszystko, czego potrzebuj\u0105, by mogli \u017cy\u0107 godnie, pomimo dramatu obecnej chwili. Jestem Wam g\u0142\u0119boko wdzi\u0119czny<span class=\"more-link\"><a href=\"https:\/\/parafiabesko.pl\/?p=9616\">Czytaj wi\u0119cej<\/a><\/span><\/p>\n","protected":false},"author":1,"featured_media":0,"comment_status":"closed","ping_status":"open","sticky":false,"template":"","format":"standard","meta":{"footnotes":""},"categories":[7],"tags":[],"class_list":["entry","author-adminparafiibesko","post-9616","post","type-post","status-publish","format-standard","category-ogloszenia-parafialne"],"_links":{"self":[{"href":"https:\/\/parafiabesko.pl\/index.php?rest_route=\/wp\/v2\/posts\/9616","targetHints":{"allow":["GET"]}}],"collection":[{"href":"https:\/\/parafiabesko.pl\/index.php?rest_route=\/wp\/v2\/posts"}],"about":[{"href":"https:\/\/parafiabesko.pl\/index.php?rest_route=\/wp\/v2\/types\/post"}],"author":[{"embeddable":true,"href":"https:\/\/parafiabesko.pl\/index.php?rest_route=\/wp\/v2\/users\/1"}],"replies":[{"embeddable":true,"href":"https:\/\/parafiabesko.pl\/index.php?rest_route=%2Fwp%2Fv2%2Fcomments&post=9616"}],"version-history":[{"count":0,"href":"https:\/\/parafiabesko.pl\/index.php?rest_route=\/wp\/v2\/posts\/9616\/revisions"}],"wp:attachment":[{"href":"https:\/\/parafiabesko.pl\/index.php?rest_route=%2Fwp%2Fv2%2Fmedia&parent=9616"}],"wp:term":[{"taxonomy":"category","embeddable":true,"href":"https:\/\/parafiabesko.pl\/index.php?rest_route=%2Fwp%2Fv2%2Fcategories&post=9616"},{"taxonomy":"post_tag","embeddable":true,"href":"https:\/\/parafiabesko.pl\/index.php?rest_route=%2Fwp%2Fv2%2Ftags&post=9616"}],"curies":[{"name":"wp","href":"https:\/\/api.w.org\/{rel}","templated":true}]}}