{"id":9613,"date":"2022-03-06T18:27:24","date_gmt":"2022-03-06T18:27:24","guid":{"rendered":"http:\/\/parafiabesko.pl\/?p=9613"},"modified":"2022-03-06T18:27:24","modified_gmt":"2022-03-06T18:27:24","slug":"intencje-mszalne-7-13-03-2022r","status":"publish","type":"post","link":"https:\/\/parafiabesko.pl\/?p=9613","title":{"rendered":"Intencje mszalne 7-13.03.2022r."},"content":{"rendered":"<table width=\"101%\">\n<tbody>\n<tr>\n<td rowspan=\"2\" width=\"32%\"><strong>Poniedzia\u0142ek<\/strong><\/p>\n<p>7.03.2022<\/td>\n<td width=\"11%\">\u00a0 7.00<\/td>\n<td width=\"55%\">+Kazimiera Skubel<\/td>\n<\/tr>\n<tr>\n<td width=\"11%\">17.00<\/td>\n<td width=\"55%\">1. \u2013 o zdrowie i opiek\u0119 Bo\u017c\u0105 dla si\u00f3str i ich rodzin z r\u00f3\u017cy Niepokalanego Serca NMP prze\u0142o\u017cona Anna Szul<\/p>\n<p>2. +Kazimiera, Edward Budziak i Maria, Franciszek Ro\u0144ca<\/td>\n<\/tr>\n<tr>\n<td rowspan=\"2\" width=\"32%\"><strong>Wtorek <\/strong><\/p>\n<p>8.03.2022<\/td>\n<td width=\"11%\">\u00a0 7.00<\/td>\n<td width=\"55%\">+Pawe\u0142, Maria, Beata<\/td>\n<\/tr>\n<tr>\n<td width=\"11%\">17.00<\/td>\n<td width=\"55%\">1. +Jan \/20 r. \u015bm.\/ i Wiktoria \/10 r. \u015bm.\/<\/p>\n<p>2. +Helena, Jan Fr\u0105czek of. syn z rodzin\u0105<\/td>\n<\/tr>\n<tr>\n<td rowspan=\"2\" width=\"32%\"><strong>\u015aroda<\/strong><\/p>\n<p>9.03.2022<\/td>\n<td width=\"11%\">\u00a0\u00a0\u00a0\u00a0 7.00<\/td>\n<td width=\"55%\">+Grzegorz, Stanis\u0142aw Zelia\u015b \/3 r. \u015bm.\/<\/td>\n<\/tr>\n<tr>\n<td width=\"11%\">17.00<\/td>\n<td width=\"55%\">1. +Maria Ziemia\u0144ska \/15 r. \u015bm.\/<\/p>\n<p>2. +Ma\u0142gorzata J\u00f3zefczyk \/5 r. \u015bm.\/ of. dzieci<\/td>\n<\/tr>\n<tr>\n<td rowspan=\"2\" width=\"32%\"><strong>Czwartek <\/strong><\/p>\n<p>10.03.2022<\/p>\n<p>&nbsp;<\/td>\n<td width=\"11%\">\u00a0 7.00<\/td>\n<td width=\"55%\">+Stanis\u0142aw \/10 r. \u015bm.\/ , Augustyna i zmar\u0142e dzieci<\/td>\n<\/tr>\n<tr>\n<td width=\"11%\"><strong>\u00a0\u00a0 <\/strong>17.00<\/td>\n<td width=\"55%\">1. +Jerzy Rodzinka \/1 r. \u015bm.\/<\/p>\n<p>2. +Jan. Tomasz, J\u00f3zef\u0119. Stanis\u0142aw Bury i Wac\u0142aw Krupski<\/td>\n<\/tr>\n<tr>\n<td rowspan=\"2\" width=\"32%\"><strong>Pi\u0105tek<\/strong><\/p>\n<p>11.03.2022<\/td>\n<td width=\"11%\">\u00a07.00<\/td>\n<td width=\"55%\">+Genowefa P\u0142atek of. c\u00f3rka Teresa z rodzn\u0105<\/td>\n<\/tr>\n<tr>\n<td width=\"11%\">17.00<\/td>\n<td width=\"55%\">1. \u2013 w intencji Panu Bogu wiadomej<\/p>\n<p>2. +Antonina, Marcin Wiernusz<\/td>\n<\/tr>\n<tr>\n<td rowspan=\"2\" width=\"32%\"><strong>Sobota <\/strong><\/p>\n<p>12.03.2022<\/td>\n<td width=\"11%\">\u00a0 7.00<\/td>\n<td width=\"55%\">+Jan Obrzut i Czes\u0142aw\u0119 i Stanis\u0142aw Kwiatkowski<\/td>\n<\/tr>\n<tr>\n<td width=\"11%\">17.00<\/td>\n<td width=\"55%\">1. +Stanis\u0142aw D\u0105browski \/16 r. \u015bm.\/ i zm. rodzice<\/p>\n<p>2. \u2013 dzi\u0119kczynna w 70 r. urodzin z pro\u015bb\u0105 o opiek\u0119 Bo\u017c\u0105 dla Marii<\/td>\n<\/tr>\n<tr>\n<td rowspan=\"4\" width=\"32%\"><strong>NIEDZIELA <\/strong><\/p>\n<p>13.03.2022<\/td>\n<td width=\"11%\">7.30<\/td>\n<td width=\"55%\">+Helena, J\u00f3zef\u0119, Stanis\u0142awa, Zofi\u0119 z rodz. Kijowskich<\/td>\n<\/tr>\n<tr>\n<td width=\"11%\">9.15<\/td>\n<td width=\"55%\">&#8211; dzi\u0119kczynna w 70 r. urodzin z pro\u015bb\u0105 o opiek\u0119 Bo\u017c\u0105 dla Marii<\/td>\n<\/tr>\n<tr>\n<td width=\"11%\">11.00<\/td>\n<td width=\"55%\"><strong>Za Parafian<\/strong><\/td>\n<\/tr>\n<tr>\n<td width=\"11%\">16.30<\/td>\n<td width=\"55%\">+ za\u00a0 zmar\u0142e siostry z r\u00f3\u017cy Niepokalanego Serca NMP prze\u0142o\u017cona Anna Szul<\/td>\n<\/tr>\n<\/tbody>\n<\/table>\n","protected":false},"excerpt":{"rendered":"<p>Poniedzia\u0142ek 7.03.2022 \u00a0 7.00 +Kazimiera Skubel 17.00 1. \u2013 o zdrowie i opiek\u0119 Bo\u017c\u0105 dla si\u00f3str i ich rodzin z r\u00f3\u017cy Niepokalanego Serca NMP prze\u0142o\u017cona Anna Szul 2. +Kazimiera, Edward Budziak i Maria, Franciszek Ro\u0144ca Wtorek 8.03.2022 \u00a0 7.00 +Pawe\u0142, Maria, Beata 17.00 1. +Jan \/20 r. \u015bm.\/ i Wiktoria<span class=\"more-link\"><a href=\"https:\/\/parafiabesko.pl\/?p=9613\">Czytaj wi\u0119cej<\/a><\/span><\/p>\n","protected":false},"author":1,"featured_media":0,"comment_status":"closed","ping_status":"open","sticky":false,"template":"","format":"standard","meta":{"footnotes":""},"categories":[4],"tags":[],"class_list":["entry","author-adminparafiibesko","post-9613","post","type-post","status-publish","format-standard","category-intencje-mszalne"],"_links":{"self":[{"href":"https:\/\/parafiabesko.pl\/index.php?rest_route=\/wp\/v2\/posts\/9613","targetHints":{"allow":["GET"]}}],"collection":[{"href":"https:\/\/parafiabesko.pl\/index.php?rest_route=\/wp\/v2\/posts"}],"about":[{"href":"https:\/\/parafiabesko.pl\/index.php?rest_route=\/wp\/v2\/types\/post"}],"author":[{"embeddable":true,"href":"https:\/\/parafiabesko.pl\/index.php?rest_route=\/wp\/v2\/users\/1"}],"replies":[{"embeddable":true,"href":"https:\/\/parafiabesko.pl\/index.php?rest_route=%2Fwp%2Fv2%2Fcomments&post=9613"}],"version-history":[{"count":0,"href":"https:\/\/parafiabesko.pl\/index.php?rest_route=\/wp\/v2\/posts\/9613\/revisions"}],"wp:attachment":[{"href":"https:\/\/parafiabesko.pl\/index.php?rest_route=%2Fwp%2Fv2%2Fmedia&parent=9613"}],"wp:term":[{"taxonomy":"category","embeddable":true,"href":"https:\/\/parafiabesko.pl\/index.php?rest_route=%2Fwp%2Fv2%2Fcategories&post=9613"},{"taxonomy":"post_tag","embeddable":true,"href":"https:\/\/parafiabesko.pl\/index.php?rest_route=%2Fwp%2Fv2%2Ftags&post=9613"}],"curies":[{"name":"wp","href":"https:\/\/api.w.org\/{rel}","templated":true}]}}