{"id":9609,"date":"2022-02-27T16:12:52","date_gmt":"2022-02-27T16:12:52","guid":{"rendered":"http:\/\/parafiabesko.pl\/?p=9609"},"modified":"2022-02-27T16:12:52","modified_gmt":"2022-02-27T16:12:52","slug":"ogloszenia-parafialne-27-02-2022r","status":"publish","type":"post","link":"https:\/\/parafiabesko.pl\/?p=9609","title":{"rendered":"Og\u0142oszenia parafialne 27.02.2022r."},"content":{"rendered":"<p><strong>8 Niedziela zwyk\u0142a<\/strong><\/p>\n<p><strong><em>\u00a0 W zwi\u0105zku z brutalnym atakiem Rosji na Ukrain\u0119 oraz konieczno\u015bci\u0105 i powinno\u015bci\u0105 pomocy ofiarom tej wojny (w tym dzieciom, starcom, a tak\u017ce \u017cyj\u0105cym na Ukrainie Polakom) \u2013 Caritas w ca\u0142ej Polsce \u2013 zgodnie z apelem Przewodnicz\u0105cego Konferencji Episkopatu Polski abp. Stanis\u0142awa G\u0105deckiego \u2013 <u>organizuje w\u00a0ko\u015bcio\u0142ach 2 zbi\u00f3rki do\u00a0puszek: w\u00a0niedziel\u0119 (27 lutego) oraz\u00a0w\u00a0\u015arod\u0119 Popielcow\u0105 (2 marca). <\/u>Caritas Polska ju\u017c przekaza\u0142a ofiary na bie\u017c\u0105c\u0105 pomoc na Ukrainie. Ale potrzeby s\u0105 i b\u0119d\u0105 ogromne \u2013 zar\u00f3wno tam, na miejscu jak r\u00f3wnie\u017c w Polsce, gdzie Caritas wsp\u00f3\u0142pracuje z w\u0142adzami pa\u0144stwowymi i w\u0142\u0105cza si\u0119 w kwesti\u0119 pomocy uchod\u017acom z Ukrainy. Zebrane \u015brodki zostan\u0105 wykorzystane do zakupu \u017cywno\u015bci, \u015brodk\u00f3w higienicznych, koc\u00f3w, \u015bpiwor\u00f3w, materacy czy kuchni polowych oraz do wsparcia ukrai\u0144skiej ludno\u015bci. <\/em><\/strong><strong><em><u>Dzisiaj i we \u015brod\u0119 popielcow\u0105 po Mszach \u015bw. w naszej Parafii zbi\u00f3rka do puszki na pomoc mieszka\u0144com Ukrainy.<\/u><\/em><\/strong><\/p>\n<p>Dzisiaj rozpoczyna si\u0119 <strong>Tydzie\u0144 Modlitw o Trze\u017awo\u015b\u0107 Narodu<\/strong>.<\/p>\n<p>Spowied\u017a przed pierwszym pi\u0105tkiem miesi\u0105ca od poniedzia\u0142ku rano i wieczorem przed Msz\u0105 \u015bw. Dzieci i m\u0142odzie\u017c zapraszamy we \u015brod\u0119 od godz. 16.00.<\/p>\n<p>W poniedzia\u0142ek o godz. 17.00 modlitwa przy relikwiach \u015bw. Jana Paw\u0142a II.<\/p>\n<p>We wtorek o godz. 17.00 Nabo\u017ce\u0144stwo do Bo\u017cego Mi\u0142osierdzia.<\/p>\n<p>W tym tygodniu przypada <strong>\u015aroda Popielcowa<\/strong><\/p>\n<p><strong><em><u>PRZEPISY POSTNE<\/u><\/em><\/strong><\/p>\n<p><strong><em>Wstrzymanie si\u0119 od pokarm\u00f3w mi\u0119snych obowi\u0105zuje:<\/em><\/strong><\/p>\n<p><em>a) we wszystkie pi\u0105tki w roku,<br \/>\nb) w \u015arod\u0119 Popielcow\u0105 i Wielki Pi\u0105tek<br \/>\nc) 24 grudnia zach\u0119ca si\u0119, aby nie spo\u017cywa\u0107 mi\u0119sa,<br \/>\nNie ma obowi\u0105zku wstrzemi\u0119\u017aliwo\u015bci je\u017celi w pi\u0105tek wypadnie Uroczysto\u015b\u0107.<br \/>\nWstrzymanie si\u0119 od pokarm\u00f3w mi\u0119snych i zachowanie postu ilo\u015bciowego:<br \/>\na) w \u015arod\u0119 Popielcow\u0105,<br \/>\nb) w Wielki Pi\u0105tek.<br \/>\nWstrzymanie si\u0119 od pokarm\u00f3w mi\u0119snych obowi\u0105zuje wiernych, kt\u00f3rzy uko\u0144czyli 14 rok \u017cycia, natomiast post \u015bcis\u0142y tych, kt\u00f3rzy uko\u0144czyli 18 rok \u017cycia, a nie rozpocz\u0119li 60-tego.<br \/>\nWolni s\u0105 od obowi\u0105zku wstrzymania si\u0119 od potraw mi\u0119snych w pi\u0105tki:<br \/>\na) Wszyscy, kt\u00f3rzy sto\u0142uj\u0105 si\u0119 w zak\u0142adach zbiorowego \u017cywienia, w kt\u00f3rych nie s\u0105 przestrzegane ko\u015bcielne przepisy postne,<br \/>\nb) Wszyscy, kt\u00f3rzy nie maj\u0105 mo\u017cliwo\u015bci wyboru potraw, a musz\u0105 spo\u017cywa\u0107 to, co jest dost\u0119pne do spo\u017cycia.<br \/>\nDyspensa nie dotyczy \u015arody Popielcowej i Wielkiego Pi\u0105tku.<br \/>\nWierni korzystaj\u0105cy z dyspensy powinni pomodli\u0107 si\u0119 w intencji Ojca \u015awi\u0119tego oraz z\u0142o\u017cy\u0107 drobn\u0105 ofiar\u0119 do skarbonki z napisem \u201eJa\u0142mu\u017cna postna\u201d, albo cz\u0119\u015bciej spe\u0142nia\u0107 uczynki mi\u0142osierdzia chrze\u015bcija\u0144skiego.<\/em><\/p>\n<p>W <strong>\u015arod\u0119 Popielcow\u0105<\/strong> Msze \u015bwi\u0119te z posypywaniem g\u0142\u00f3w popio\u0142em w Besku o godz. 7.00 i 17.00, a w ko\u015bcio\u0142ach filialnych o godz. 15.30.<\/p>\n<p>Pierwszy czwartek miesi\u0105ca o godz. 17.00 Godzina \u015bw. <strong>w czwartek, 3 marca 2022 r. rozpoczniemy w Archidiecezji Przemyskiej <\/strong><em><strong>Nowenn\u0119 za kap\u0142an\u00f3w oraz o\u00a0powo\u0142ania kap\u0142a\u0144skie, zakonne i misyjne za przyczyn\u0105 \u015bw. Andrzeja Boboli, Patrona Polski<\/strong><\/em>.<\/p>\n<p>W pierwszy pi\u0105tek <strong>Nabo\u017ce\u0144stwo Drogi krzy\u017cowej<\/strong> w Besku rano po Mszy \u015bwi\u0119tej o godz. 7.00, po po\u0142udniu o godz. 17.00. Zach\u0119camy dzieci, m\u0142odzie\u017c i starszych od udzia\u0142u w rozwa\u017caniu M\u0119ki Pa\u0144skiej. Za odprawienie Drogi krzy\u017cowej mo\u017cna zyska\u0107 odpust zupe\u0142ny pod zwyk\u0142ymi warunkami. Odwiedziny chorych w Besku od godz. 8.00.<\/p>\n<p>W ko\u015bcio\u0142ach filialnych w pi\u0105tek o godz. 15.00 spowied\u017a, <strong>Nabo\u017ce\u0144stwo Drogi krzy\u017cowej i Msza \u015bw.<\/strong><\/p>\n<p>Pierwsza sobota miesi\u0105ca rano o godz. 7.00 Msza \u015bw. i nabo\u017ce\u0144stwo do Matki Bo\u017cej, adoruje r\u00f3\u017ca MB Gromnicznej prze\u0142o\u017cona Zofia Rzo\u0144ca, wieczorem Msza \u015bw. i nabo\u017ce\u0144stwo do Matki Bo\u017cej.<\/p>\n<p><strong>\u00a0<\/strong>W przysz\u0142\u0105 niedziel\u0119 Niedziela adoracyjna, od godz. 12.00 do 16.00 prywatna adoracja rodzin naszej Parafii, o godz. 16.00 <strong>Nabo\u017ce\u0144stwo Gorzkich \u017cali<\/strong> z kazaniem pasyjnym w niedziel\u0119 w Besku. Adoruje r\u00f3\u017ca Matki Bo\u017cej R\u00f3\u017ca\u0144cowej prze\u0142o\u017cona Beata Hedesz. Taca z tego nabo\u017ce\u0144stwa przeznaczona jest na dekoracj\u0119 i kwiaty do Ciemnicy i Bo\u017cego Grobu.<\/p>\n<p>W ko\u015bcio\u0142ach filialnych w niedziel\u0119 <strong>Msza \u015bwi\u0119ta i<\/strong> <strong>Nabo\u017ce\u0144stwo Gorzkich \u017cali<\/strong> w Mymoniu o godz. 8.30, a w Por\u0119bach o godz. 10.00.<\/p>\n","protected":false},"excerpt":{"rendered":"<p>8 Niedziela zwyk\u0142a \u00a0 W zwi\u0105zku z brutalnym atakiem Rosji na Ukrain\u0119 oraz konieczno\u015bci\u0105 i powinno\u015bci\u0105 pomocy ofiarom tej wojny (w tym dzieciom, starcom, a tak\u017ce \u017cyj\u0105cym na Ukrainie Polakom) \u2013 Caritas w ca\u0142ej Polsce \u2013 zgodnie z apelem Przewodnicz\u0105cego Konferencji Episkopatu Polski abp. Stanis\u0142awa G\u0105deckiego \u2013 organizuje w\u00a0ko\u015bcio\u0142ach 2<span class=\"more-link\"><a href=\"https:\/\/parafiabesko.pl\/?p=9609\">Czytaj wi\u0119cej<\/a><\/span><\/p>\n","protected":false},"author":1,"featured_media":0,"comment_status":"closed","ping_status":"open","sticky":false,"template":"","format":"standard","meta":{"footnotes":""},"categories":[7],"tags":[],"class_list":["entry","author-adminparafiibesko","post-9609","post","type-post","status-publish","format-standard","category-ogloszenia-parafialne"],"_links":{"self":[{"href":"https:\/\/parafiabesko.pl\/index.php?rest_route=\/wp\/v2\/posts\/9609","targetHints":{"allow":["GET"]}}],"collection":[{"href":"https:\/\/parafiabesko.pl\/index.php?rest_route=\/wp\/v2\/posts"}],"about":[{"href":"https:\/\/parafiabesko.pl\/index.php?rest_route=\/wp\/v2\/types\/post"}],"author":[{"embeddable":true,"href":"https:\/\/parafiabesko.pl\/index.php?rest_route=\/wp\/v2\/users\/1"}],"replies":[{"embeddable":true,"href":"https:\/\/parafiabesko.pl\/index.php?rest_route=%2Fwp%2Fv2%2Fcomments&post=9609"}],"version-history":[{"count":0,"href":"https:\/\/parafiabesko.pl\/index.php?rest_route=\/wp\/v2\/posts\/9609\/revisions"}],"wp:attachment":[{"href":"https:\/\/parafiabesko.pl\/index.php?rest_route=%2Fwp%2Fv2%2Fmedia&parent=9609"}],"wp:term":[{"taxonomy":"category","embeddable":true,"href":"https:\/\/parafiabesko.pl\/index.php?rest_route=%2Fwp%2Fv2%2Fcategories&post=9609"},{"taxonomy":"post_tag","embeddable":true,"href":"https:\/\/parafiabesko.pl\/index.php?rest_route=%2Fwp%2Fv2%2Ftags&post=9609"}],"curies":[{"name":"wp","href":"https:\/\/api.w.org\/{rel}","templated":true}]}}