{"id":9607,"date":"2022-02-27T16:06:13","date_gmt":"2022-02-27T16:06:13","guid":{"rendered":"http:\/\/parafiabesko.pl\/?p=9607"},"modified":"2022-02-27T16:06:13","modified_gmt":"2022-02-27T16:06:13","slug":"intencje-mszalne-27-02-6-03-2022r","status":"publish","type":"post","link":"https:\/\/parafiabesko.pl\/?p=9607","title":{"rendered":"Intencje mszalne 27.02.-6.03.2022r."},"content":{"rendered":"<table width=\"101%\">\n<tbody>\n<tr>\n<td rowspan=\"2\" width=\"32%\"><strong>Poniedzia\u0142ek<\/strong><\/p>\n<p>28.02.2022<\/td>\n<td width=\"11%\">\u00a0 7.00<\/td>\n<td width=\"55%\">+Franciszek Mermer \/3 r. \u015bm.\/ of. \u017cona i c\u00f3rki<\/td>\n<\/tr>\n<tr>\n<td width=\"11%\">17.00<\/td>\n<td width=\"55%\">1. +Roman Mermer<\/p>\n<p>2. +Janina Szybka of. c\u00f3rka Ma\u0142gorzata z rodzin\u0105<\/td>\n<\/tr>\n<tr>\n<td rowspan=\"2\" width=\"32%\"><strong>Wtorek <\/strong><\/p>\n<p>1.03.2022<\/td>\n<td width=\"11%\">\u00a0 7.00<\/td>\n<td width=\"55%\">+Stanis\u0142aw\u0119, Julian Wr\u00f3bel<\/td>\n<\/tr>\n<tr>\n<td width=\"11%\">17.00<\/td>\n<td width=\"55%\">1. +Pawe\u0142 \/19 r. \u015bm.\/ Piotr Winiarscy<\/p>\n<p>2. +\u0141ukasz Szajna of. rodzice<\/td>\n<\/tr>\n<tr>\n<td rowspan=\"2\" width=\"32%\"><strong>\u015aroda<\/strong><\/p>\n<p>2.03.2022<\/td>\n<td width=\"11%\">\u00a0\u00a0\u00a0\u00a0 7.00<\/td>\n<td width=\"55%\">+Janina Stanis\u0142aw Mroczkowscy<\/td>\n<\/tr>\n<tr>\n<td width=\"11%\">17.00<\/td>\n<td width=\"55%\">+Norbert Hajduk od przyjaci\u00f3\u0142 z obozu harcerskiego w Tarnawce<\/td>\n<\/tr>\n<tr>\n<td rowspan=\"2\" width=\"32%\"><strong>Czwartek <\/strong><\/p>\n<p>3.03.2022<\/p>\n<p>&nbsp;<\/td>\n<td width=\"11%\">\u00a0 7.00<\/td>\n<td width=\"55%\">+\u0141ukasz Szajna of. siostra Aneta z rodzin\u0105<\/td>\n<\/tr>\n<tr>\n<td width=\"11%\"><strong>\u00a0\u00a0 <\/strong>17.00<\/td>\n<td width=\"55%\">1. +W\u0142adys\u0142aw\u0119, Ludwika<\/p>\n<p>2. +Jan Kijanka i zm. rodzice<\/td>\n<\/tr>\n<tr>\n<td rowspan=\"2\" width=\"32%\"><strong>Pi\u0105tek<\/strong><\/p>\n<p>4.03.2022<\/td>\n<td width=\"11%\">\u00a07.00<\/td>\n<td width=\"55%\">+Helena, Kazimiera, Grzegorz, Ryszard<\/td>\n<\/tr>\n<tr>\n<td width=\"11%\">17.00<\/td>\n<td width=\"55%\">+Kazimiera Jan Szul<\/td>\n<\/tr>\n<tr>\n<td rowspan=\"2\" width=\"32%\"><strong>Sobota <\/strong><\/p>\n<p>5.03.2022<\/td>\n<td width=\"11%\">\u00a0 7.00<\/td>\n<td width=\"55%\">+Zofia Szul of. syn Micha\u0142 z rodzin\u0105<\/td>\n<\/tr>\n<tr>\n<td width=\"11%\">17.00<\/td>\n<td width=\"55%\">1. +Janina, Antoni, Maria, Kazimierz Kwiatkowscy<\/p>\n<p>2. +Czes\u0142aw\u0119 \/12 r. \u015bm.\/ Stanis\u0142aw Szul<\/td>\n<\/tr>\n<tr>\n<td rowspan=\"4\" width=\"32%\"><strong>NIEDZIELA <\/strong><\/p>\n<p>6.03.2022<\/td>\n<td width=\"11%\">7.30<\/td>\n<td width=\"55%\">+Tadeusz Jadwiga W\u00f3jciccy<\/td>\n<\/tr>\n<tr>\n<td width=\"11%\">9.15<\/td>\n<td width=\"55%\">Dzi\u0119kczynna w 50 urodziny J\u00f3zefa z pro\u015bb\u0105 o opiek\u0119 Bo\u017c\u0105<\/td>\n<\/tr>\n<tr>\n<td width=\"11%\">11.00<\/td>\n<td width=\"55%\"><strong>Za Parafian<\/strong><\/td>\n<\/tr>\n<tr>\n<td width=\"11%\">16.30<\/td>\n<td width=\"55%\">+Aniela, Jan, Andrzej Kijowscy of. rodzina<\/td>\n<\/tr>\n<\/tbody>\n<\/table>\n","protected":false},"excerpt":{"rendered":"<p>Poniedzia\u0142ek 28.02.2022 \u00a0 7.00 +Franciszek Mermer \/3 r. \u015bm.\/ of. \u017cona i c\u00f3rki 17.00 1. +Roman Mermer 2. +Janina Szybka of. c\u00f3rka Ma\u0142gorzata z rodzin\u0105 Wtorek 1.03.2022 \u00a0 7.00 +Stanis\u0142aw\u0119, Julian Wr\u00f3bel 17.00 1. +Pawe\u0142 \/19 r. \u015bm.\/ Piotr Winiarscy 2. +\u0141ukasz Szajna of. rodzice \u015aroda 2.03.2022 \u00a0\u00a0\u00a0\u00a0 7.00 +Janina<span class=\"more-link\"><a href=\"https:\/\/parafiabesko.pl\/?p=9607\">Czytaj wi\u0119cej<\/a><\/span><\/p>\n","protected":false},"author":1,"featured_media":0,"comment_status":"closed","ping_status":"open","sticky":false,"template":"","format":"standard","meta":{"footnotes":""},"categories":[4],"tags":[],"class_list":["entry","author-adminparafiibesko","post-9607","post","type-post","status-publish","format-standard","category-intencje-mszalne"],"_links":{"self":[{"href":"https:\/\/parafiabesko.pl\/index.php?rest_route=\/wp\/v2\/posts\/9607","targetHints":{"allow":["GET"]}}],"collection":[{"href":"https:\/\/parafiabesko.pl\/index.php?rest_route=\/wp\/v2\/posts"}],"about":[{"href":"https:\/\/parafiabesko.pl\/index.php?rest_route=\/wp\/v2\/types\/post"}],"author":[{"embeddable":true,"href":"https:\/\/parafiabesko.pl\/index.php?rest_route=\/wp\/v2\/users\/1"}],"replies":[{"embeddable":true,"href":"https:\/\/parafiabesko.pl\/index.php?rest_route=%2Fwp%2Fv2%2Fcomments&post=9607"}],"version-history":[{"count":0,"href":"https:\/\/parafiabesko.pl\/index.php?rest_route=\/wp\/v2\/posts\/9607\/revisions"}],"wp:attachment":[{"href":"https:\/\/parafiabesko.pl\/index.php?rest_route=%2Fwp%2Fv2%2Fmedia&parent=9607"}],"wp:term":[{"taxonomy":"category","embeddable":true,"href":"https:\/\/parafiabesko.pl\/index.php?rest_route=%2Fwp%2Fv2%2Fcategories&post=9607"},{"taxonomy":"post_tag","embeddable":true,"href":"https:\/\/parafiabesko.pl\/index.php?rest_route=%2Fwp%2Fv2%2Ftags&post=9607"}],"curies":[{"name":"wp","href":"https:\/\/api.w.org\/{rel}","templated":true}]}}