{"id":9605,"date":"2022-02-21T13:21:59","date_gmt":"2022-02-21T13:21:59","guid":{"rendered":"http:\/\/parafiabesko.pl\/?p=9605"},"modified":"2022-02-21T13:21:59","modified_gmt":"2022-02-21T13:21:59","slug":"ogloszenia-parafialne-20-02-2022r","status":"publish","type":"post","link":"https:\/\/parafiabesko.pl\/?p=9605","title":{"rendered":"Og\u0142oszenia parafialne 20.02.2022r."},"content":{"rendered":"<p>7 Niedziela zwyk\u0142a<\/p>\n<p>W poniedzia\u0142ek o godz. 17.00 modlitwa przy relikwiach \u015bw. Jana Paw\u0142a II.<\/p>\n<p>We wtorek \u015awi\u0119to Katedry \u015awi\u0119tego Piotra Aposto\u0142a o godz. 17.00 Nabo\u017ce\u0144stwo do Bo\u017cego Mi\u0142osierdzia.<\/p>\n<p>We \u015brod\u0119 o godz. 17.00 Nowenna do Matki Bo\u017cej Nieustaj\u0105cej Pomocy.<\/p>\n","protected":false},"excerpt":{"rendered":"<p>7 Niedziela zwyk\u0142a W poniedzia\u0142ek o godz. 17.00 modlitwa przy relikwiach \u015bw. Jana Paw\u0142a II. We wtorek \u015awi\u0119to Katedry \u015awi\u0119tego Piotra Aposto\u0142a o godz. 17.00 Nabo\u017ce\u0144stwo do Bo\u017cego Mi\u0142osierdzia. We \u015brod\u0119 o godz. 17.00 Nowenna do Matki Bo\u017cej Nieustaj\u0105cej Pomocy.<span class=\"more-link\"><a href=\"https:\/\/parafiabesko.pl\/?p=9605\">Czytaj wi\u0119cej<\/a><\/span><\/p>\n","protected":false},"author":1,"featured_media":0,"comment_status":"closed","ping_status":"open","sticky":false,"template":"","format":"standard","meta":{"footnotes":""},"categories":[7],"tags":[],"class_list":["entry","author-adminparafiibesko","post-9605","post","type-post","status-publish","format-standard","category-ogloszenia-parafialne"],"_links":{"self":[{"href":"https:\/\/parafiabesko.pl\/index.php?rest_route=\/wp\/v2\/posts\/9605","targetHints":{"allow":["GET"]}}],"collection":[{"href":"https:\/\/parafiabesko.pl\/index.php?rest_route=\/wp\/v2\/posts"}],"about":[{"href":"https:\/\/parafiabesko.pl\/index.php?rest_route=\/wp\/v2\/types\/post"}],"author":[{"embeddable":true,"href":"https:\/\/parafiabesko.pl\/index.php?rest_route=\/wp\/v2\/users\/1"}],"replies":[{"embeddable":true,"href":"https:\/\/parafiabesko.pl\/index.php?rest_route=%2Fwp%2Fv2%2Fcomments&post=9605"}],"version-history":[{"count":0,"href":"https:\/\/parafiabesko.pl\/index.php?rest_route=\/wp\/v2\/posts\/9605\/revisions"}],"wp:attachment":[{"href":"https:\/\/parafiabesko.pl\/index.php?rest_route=%2Fwp%2Fv2%2Fmedia&parent=9605"}],"wp:term":[{"taxonomy":"category","embeddable":true,"href":"https:\/\/parafiabesko.pl\/index.php?rest_route=%2Fwp%2Fv2%2Fcategories&post=9605"},{"taxonomy":"post_tag","embeddable":true,"href":"https:\/\/parafiabesko.pl\/index.php?rest_route=%2Fwp%2Fv2%2Ftags&post=9605"}],"curies":[{"name":"wp","href":"https:\/\/api.w.org\/{rel}","templated":true}]}}