{"id":9603,"date":"2022-02-21T13:19:54","date_gmt":"2022-02-21T13:19:54","guid":{"rendered":"http:\/\/parafiabesko.pl\/?p=9603"},"modified":"2022-02-21T13:19:54","modified_gmt":"2022-02-21T13:19:54","slug":"intencje-mszalne-21-27-02-2022r","status":"publish","type":"post","link":"https:\/\/parafiabesko.pl\/?p=9603","title":{"rendered":"Intencje mszalne 21-27.02.2022r."},"content":{"rendered":"<table width=\"101%\">\n<tbody>\n<tr>\n<td rowspan=\"2\" width=\"32%\"><strong>Poniedzia\u0142ek<\/strong><\/p>\n<p>21.02.2022<\/td>\n<td width=\"11%\">\u00a0 7.00<\/td>\n<td width=\"55%\">+ za zmar\u0142ych rodzic\u00f3w i braci of. syn Edward<\/td>\n<\/tr>\n<tr>\n<td width=\"11%\">17.00<\/td>\n<td width=\"55%\">+Franciszek, Aniela, Jan Kwiatkowscy<\/td>\n<\/tr>\n<tr>\n<td rowspan=\"2\" width=\"32%\"><strong>Wtorek <\/strong><\/p>\n<p>22.02..2022<\/td>\n<td width=\"11%\">\u00a0 7.00<\/td>\n<td width=\"55%\">+Maria \/37 r. \u015bm.\/, Stanis\u0142aw Gierlicy, oraz ich zmarli rodzice i dzieci<\/td>\n<\/tr>\n<tr>\n<td width=\"11%\">17.00<\/td>\n<td width=\"55%\">+W\u0142adys\u0142aw Fie\u0144, Krystyna of. c\u00f3rka Kazimiera<\/td>\n<\/tr>\n<tr>\n<td rowspan=\"2\" width=\"32%\"><strong>\u015aroda<\/strong><\/p>\n<p>23.02..2022<\/td>\n<td width=\"11%\">\u00a0\u00a0\u00a0\u00a0 7.00<\/td>\n<td width=\"55%\">+ Aniela, Tomasz, Roman Libowicz<\/td>\n<\/tr>\n<tr>\n<td width=\"11%\">17.00<\/td>\n<td width=\"55%\">+ Kazimiera \/15 r. \u015bm.\/, Czes\u0142aw \/25 r. \u015bm.\/ Kielar<\/td>\n<\/tr>\n<tr>\n<td rowspan=\"2\" width=\"32%\"><strong>Czwartek <\/strong><\/p>\n<p>24.02.2022<\/p>\n<p>&nbsp;<\/td>\n<td width=\"11%\">\u00a0 7.00<\/td>\n<td width=\"55%\">+Maria Kasperkowicz of. r\u00f3\u017ca MB Kr\u00f3lowej Polski<\/td>\n<\/tr>\n<tr>\n<td width=\"11%\"><strong>\u00a0\u00a0 <\/strong>17.00<\/td>\n<td width=\"55%\">+Walerian Wr\u00f3bel of. szwagierka z rodzin\u0105<\/td>\n<\/tr>\n<tr>\n<td rowspan=\"2\" width=\"32%\"><strong>Pi\u0105tek<\/strong><\/p>\n<p>25.02.2022<\/td>\n<td width=\"11%\">\u00a07.00<\/td>\n<td width=\"55%\">+Zofia Szul of. m\u0105\u017c Edward<\/td>\n<\/tr>\n<tr>\n<td width=\"11%\">17.00<\/td>\n<td width=\"55%\">+Genowefa, J\u00f3zef Kielar<\/td>\n<\/tr>\n<tr>\n<td rowspan=\"2\" width=\"32%\"><strong>Sobota <\/strong><\/p>\n<p>26.02.2022<\/td>\n<td width=\"11%\">\u00a0 7.00<\/td>\n<td width=\"55%\">+Aleksander Nowak<\/td>\n<\/tr>\n<tr>\n<td width=\"11%\">17.00<\/td>\n<td width=\"55%\">&#8211; dzi\u0119kczynna z pro\u015bb\u0105 o opiek\u0119 Bo\u017c\u0105 dla rodziny<\/td>\n<\/tr>\n<tr>\n<td rowspan=\"4\" width=\"32%\"><strong>NIEDZIELA <\/strong><\/p>\n<p><strong>\u00a0\u00a0\u00a0\u00a0\u00a0\u00a0\u00a0\u00a0\u00a0\u00a0\u00a0\u00a0\u00a0\u00a0\u00a0 <\/strong>27.02.2022<\/td>\n<td width=\"11%\">7.30<\/td>\n<td width=\"55%\">+Janina, Jan, Stanis\u0142awa Szul<\/td>\n<\/tr>\n<tr>\n<td width=\"11%\">9.15<\/td>\n<td width=\"55%\">+Kazimiera, Roman Oberc i J\u00f3zef Ja\u015blar<\/td>\n<\/tr>\n<tr>\n<td width=\"11%\">11.00<\/td>\n<td width=\"55%\"><strong>Za Parafian<\/strong><\/td>\n<\/tr>\n<tr>\n<td width=\"11%\">16.30<\/td>\n<td width=\"55%\">+Czes\u0142aw \/22 r. \u015bm\/, Katarzyna Bo\u0142d of. c\u00f3rka Krystyna<\/td>\n<\/tr>\n<\/tbody>\n<\/table>\n","protected":false},"excerpt":{"rendered":"<p>Poniedzia\u0142ek 21.02.2022 \u00a0 7.00 + za zmar\u0142ych rodzic\u00f3w i braci of. syn Edward 17.00 +Franciszek, Aniela, Jan Kwiatkowscy Wtorek 22.02..2022 \u00a0 7.00 +Maria \/37 r. \u015bm.\/, Stanis\u0142aw Gierlicy, oraz ich zmarli rodzice i dzieci 17.00 +W\u0142adys\u0142aw Fie\u0144, Krystyna of. c\u00f3rka Kazimiera \u015aroda 23.02..2022 \u00a0\u00a0\u00a0\u00a0 7.00 + Aniela, Tomasz, Roman Libowicz<span class=\"more-link\"><a href=\"https:\/\/parafiabesko.pl\/?p=9603\">Czytaj wi\u0119cej<\/a><\/span><\/p>\n","protected":false},"author":1,"featured_media":0,"comment_status":"closed","ping_status":"open","sticky":false,"template":"","format":"standard","meta":{"footnotes":""},"categories":[4],"tags":[],"class_list":["entry","author-adminparafiibesko","post-9603","post","type-post","status-publish","format-standard","category-intencje-mszalne"],"_links":{"self":[{"href":"https:\/\/parafiabesko.pl\/index.php?rest_route=\/wp\/v2\/posts\/9603","targetHints":{"allow":["GET"]}}],"collection":[{"href":"https:\/\/parafiabesko.pl\/index.php?rest_route=\/wp\/v2\/posts"}],"about":[{"href":"https:\/\/parafiabesko.pl\/index.php?rest_route=\/wp\/v2\/types\/post"}],"author":[{"embeddable":true,"href":"https:\/\/parafiabesko.pl\/index.php?rest_route=\/wp\/v2\/users\/1"}],"replies":[{"embeddable":true,"href":"https:\/\/parafiabesko.pl\/index.php?rest_route=%2Fwp%2Fv2%2Fcomments&post=9603"}],"version-history":[{"count":0,"href":"https:\/\/parafiabesko.pl\/index.php?rest_route=\/wp\/v2\/posts\/9603\/revisions"}],"wp:attachment":[{"href":"https:\/\/parafiabesko.pl\/index.php?rest_route=%2Fwp%2Fv2%2Fmedia&parent=9603"}],"wp:term":[{"taxonomy":"category","embeddable":true,"href":"https:\/\/parafiabesko.pl\/index.php?rest_route=%2Fwp%2Fv2%2Fcategories&post=9603"},{"taxonomy":"post_tag","embeddable":true,"href":"https:\/\/parafiabesko.pl\/index.php?rest_route=%2Fwp%2Fv2%2Ftags&post=9603"}],"curies":[{"name":"wp","href":"https:\/\/api.w.org\/{rel}","templated":true}]}}