{"id":9597,"date":"2022-02-13T15:17:03","date_gmt":"2022-02-13T15:17:03","guid":{"rendered":"http:\/\/parafiabesko.pl\/?p=9597"},"modified":"2022-02-13T15:17:03","modified_gmt":"2022-02-13T15:17:03","slug":"intencje-mszalne-14-20-02-2022r","status":"publish","type":"post","link":"https:\/\/parafiabesko.pl\/?p=9597","title":{"rendered":"Intencje mszalne 14-20.02.2022r."},"content":{"rendered":"<table width=\"101%\">\n<tbody>\n<tr>\n<td rowspan=\"2\" width=\"32%\"><strong>Poniedzia\u0142ek<\/strong><\/p>\n<p>14.02.2022<\/td>\n<td width=\"11%\">\u00a0 7.00<\/td>\n<td width=\"55%\">+Norbert Hajduk of. koledzy i kole\u017canki z wychowawczyni\u0105<\/td>\n<\/tr>\n<tr>\n<td width=\"11%\">17.00<\/td>\n<td width=\"55%\">+J\u00f3zef, Zdzis\u0142aw, Ireneusz<\/td>\n<\/tr>\n<tr>\n<td rowspan=\"2\" width=\"32%\"><strong>Wtorek <\/strong><\/p>\n<p>15.02..2022<\/td>\n<td width=\"11%\">\u00a0 7.00<\/td>\n<td width=\"55%\">+Wies\u0142aw Rodzinka \/7r. \u015bm.\/ of. siostra Maria z rodzin\u0105<\/td>\n<\/tr>\n<tr>\n<td width=\"11%\">17.00<\/td>\n<td width=\"55%\">+J\u00f3zef Ciupka of. dzieci<\/td>\n<\/tr>\n<tr>\n<td rowspan=\"2\" width=\"32%\"><strong>\u015aroda<\/strong><\/p>\n<p>16.02..2022<\/td>\n<td width=\"11%\">\u00a0\u00a0\u00a0\u00a0 7.00<\/td>\n<td width=\"55%\">&#8211; dzi\u0119kczynna za otrzymane \u0142aski<\/td>\n<\/tr>\n<tr>\n<td width=\"11%\">17.00<\/td>\n<td width=\"55%\">+Tadeusz Nycz<\/td>\n<\/tr>\n<tr>\n<td rowspan=\"2\" width=\"32%\"><strong>Czwartek <\/strong><\/p>\n<p>17.02.2022<\/p>\n<p>&nbsp;<\/td>\n<td width=\"11%\">\u00a0 7.00<\/td>\n<td width=\"55%\">+Zdzis\u0142aw J\u00f3zefczyk of. brat Stanis\u0142aw<\/td>\n<\/tr>\n<tr>\n<td width=\"11%\"><strong>\u00a0\u00a0 <\/strong>17.00<\/td>\n<td width=\"55%\">&#8211; O b\u0142og. Bo\u017ce i zdrowie dla rodziny \u017byrawieckich<\/td>\n<\/tr>\n<tr>\n<td rowspan=\"2\" width=\"32%\"><strong>Pi\u0105tek<\/strong><\/p>\n<p>18.02.2022<\/td>\n<td width=\"11%\">\u00a07.00<\/td>\n<td width=\"55%\">+Edward J\u0119drzejczyk of. szwagier Stanis\u0142aw<\/td>\n<\/tr>\n<tr>\n<td width=\"11%\">17.00<\/td>\n<td width=\"55%\">+J\u00f3zef Skubel \/10 r. \u015bm.\/<\/td>\n<\/tr>\n<tr>\n<td rowspan=\"2\" width=\"32%\"><strong>Sobota <\/strong><\/p>\n<p>19.02.2022<\/td>\n<td width=\"11%\">\u00a0 7.00<\/td>\n<td width=\"55%\">+Stanis\u0142aw, Stanis\u0142aw\u0119 i Michalin\u0119<\/td>\n<\/tr>\n<tr>\n<td width=\"11%\">17.00<\/td>\n<td width=\"55%\">+Pawe\u0142 Szweda \/3 r. \u015bm.\/<\/td>\n<\/tr>\n<tr>\n<td rowspan=\"4\" width=\"32%\"><strong>NIEDZIELA <\/strong><\/p>\n<p>20.02.2022<\/td>\n<td width=\"11%\">7.30<\/td>\n<td width=\"55%\">+Grzegorz Suwa\u0142a i zm. rodzice<\/td>\n<\/tr>\n<tr>\n<td width=\"11%\">9.15<\/td>\n<td width=\"55%\">+J\u00f3zef \/6 r. \u015bm.\/ i Maria Szmyd<\/td>\n<\/tr>\n<tr>\n<td width=\"11%\">11.00<\/td>\n<td width=\"55%\"><strong>Za Parafian<\/strong><\/td>\n<\/tr>\n<tr>\n<td width=\"11%\">16.30<\/td>\n<td width=\"55%\">+ Lech Burna<\/td>\n<\/tr>\n<\/tbody>\n<\/table>\n","protected":false},"excerpt":{"rendered":"<p>Poniedzia\u0142ek 14.02.2022 \u00a0 7.00 +Norbert Hajduk of. koledzy i kole\u017canki z wychowawczyni\u0105 17.00 +J\u00f3zef, Zdzis\u0142aw, Ireneusz Wtorek 15.02..2022 \u00a0 7.00 +Wies\u0142aw Rodzinka \/7r. \u015bm.\/ of. siostra Maria z rodzin\u0105 17.00 +J\u00f3zef Ciupka of. dzieci \u015aroda 16.02..2022 \u00a0\u00a0\u00a0\u00a0 7.00 &#8211; dzi\u0119kczynna za otrzymane \u0142aski 17.00 +Tadeusz Nycz Czwartek 17.02.2022 &nbsp; \u00a0<span class=\"more-link\"><a href=\"https:\/\/parafiabesko.pl\/?p=9597\">Czytaj wi\u0119cej<\/a><\/span><\/p>\n","protected":false},"author":1,"featured_media":0,"comment_status":"closed","ping_status":"open","sticky":false,"template":"","format":"standard","meta":{"footnotes":""},"categories":[4],"tags":[],"class_list":["entry","author-adminparafiibesko","post-9597","post","type-post","status-publish","format-standard","category-intencje-mszalne"],"_links":{"self":[{"href":"https:\/\/parafiabesko.pl\/index.php?rest_route=\/wp\/v2\/posts\/9597","targetHints":{"allow":["GET"]}}],"collection":[{"href":"https:\/\/parafiabesko.pl\/index.php?rest_route=\/wp\/v2\/posts"}],"about":[{"href":"https:\/\/parafiabesko.pl\/index.php?rest_route=\/wp\/v2\/types\/post"}],"author":[{"embeddable":true,"href":"https:\/\/parafiabesko.pl\/index.php?rest_route=\/wp\/v2\/users\/1"}],"replies":[{"embeddable":true,"href":"https:\/\/parafiabesko.pl\/index.php?rest_route=%2Fwp%2Fv2%2Fcomments&post=9597"}],"version-history":[{"count":0,"href":"https:\/\/parafiabesko.pl\/index.php?rest_route=\/wp\/v2\/posts\/9597\/revisions"}],"wp:attachment":[{"href":"https:\/\/parafiabesko.pl\/index.php?rest_route=%2Fwp%2Fv2%2Fmedia&parent=9597"}],"wp:term":[{"taxonomy":"category","embeddable":true,"href":"https:\/\/parafiabesko.pl\/index.php?rest_route=%2Fwp%2Fv2%2Fcategories&post=9597"},{"taxonomy":"post_tag","embeddable":true,"href":"https:\/\/parafiabesko.pl\/index.php?rest_route=%2Fwp%2Fv2%2Ftags&post=9597"}],"curies":[{"name":"wp","href":"https:\/\/api.w.org\/{rel}","templated":true}]}}