{"id":9593,"date":"2022-02-06T17:48:00","date_gmt":"2022-02-06T17:48:00","guid":{"rendered":"http:\/\/parafiabesko.pl\/?p=9593"},"modified":"2022-02-06T17:48:00","modified_gmt":"2022-02-06T17:48:00","slug":"intencje-mszalne-7-13-02-2022r","status":"publish","type":"post","link":"https:\/\/parafiabesko.pl\/?p=9593","title":{"rendered":"Intencje mszalne 7-13.02.2022r."},"content":{"rendered":"<table width=\"101%\">\n<tbody>\n<tr>\n<td rowspan=\"2\" width=\"32%\"><strong>Poniedzia\u0142ek<\/strong><\/p>\n<p>7.02.2022<\/td>\n<td width=\"11%\">\u00a0 7.00<\/td>\n<td width=\"55%\">+Ryszard Szczudlik of. Edward Tele\u017cy\u0144ski<\/td>\n<\/tr>\n<tr>\n<td width=\"11%\">17.00<\/td>\n<td width=\"55%\">1. +Dominika Kwiatkowska of. syn<\/p>\n<p>2. +Boles\u0142aw Kijowski of. siostry felicjanki z Beska<\/td>\n<\/tr>\n<tr>\n<td rowspan=\"2\" width=\"32%\"><strong>Wtorek <\/strong><\/p>\n<p>8.02..2022<\/td>\n<td width=\"11%\">\u00a0 7.00<\/td>\n<td width=\"55%\">+Janina Szybka of. siostra Irena z rodzin\u0105<\/td>\n<\/tr>\n<tr>\n<td width=\"11%\">17.00<\/td>\n<td width=\"55%\">1. +Maria Betlej \/11 r. \u015bm.\/<\/p>\n<p>2. +J\u00f3zef\u0119 Filipowicz of. s\u0105siedzi z ul. Poprzecznej<\/td>\n<\/tr>\n<tr>\n<td rowspan=\"2\" width=\"32%\"><strong>\u015aroda<\/strong><\/p>\n<p>9.02..2022<\/td>\n<td width=\"11%\">\u00a0\u00a0\u00a0\u00a0 7.00<\/td>\n<td width=\"55%\">+Krystyna Kordasiewicz of, Ryszard Kr\u0119pulec z rodzin\u0105<\/td>\n<\/tr>\n<tr>\n<td width=\"11%\">17.00<\/td>\n<td width=\"55%\">1. +Stanis\u0142aw, Stanis\u0142aw\u0119, Marek<\/p>\n<p>2. +Janina Szybka of. r\u00f3\u017ca MB Gromnicznej<\/td>\n<\/tr>\n<tr>\n<td rowspan=\"2\" width=\"32%\"><strong>Czwartek <\/strong><\/p>\n<p>10.02.2022<\/p>\n<p>&nbsp;<\/td>\n<td width=\"11%\">\u00a0 7.00<\/td>\n<td width=\"55%\">+ Krystyna Kordasiewicz of. Krystyna Stanis\u0142aw Zubik<\/td>\n<\/tr>\n<tr>\n<td width=\"11%\"><strong>\u00a0\u00a0 <\/strong>17.00<\/td>\n<td width=\"55%\">1. +Stefania \u015amietana \/21 r. \u015bm.\/<\/p>\n<p>2. +Norbert Hajduk of. koledzy i kole\u017canki z klasy z wychowawczyni\u0105<\/td>\n<\/tr>\n<tr>\n<td rowspan=\"2\" width=\"32%\"><strong>Pi\u0105tek<\/strong><\/p>\n<p>11.02.2022<\/td>\n<td width=\"11%\">\u00a07.00<\/td>\n<td width=\"55%\">+ J\u00f3zef\u0119 Filipowicz of. rodzina Chrobak<\/td>\n<\/tr>\n<tr>\n<td width=\"11%\">17.00<\/td>\n<td width=\"55%\">1. +Barbara Migda\u0142 \/11 r. \u015bm.\/<\/p>\n<p>2. +Irena, Jacek \u015aliwka<\/td>\n<\/tr>\n<tr>\n<td rowspan=\"2\" width=\"32%\"><strong>Sobota <\/strong><\/p>\n<p>12.02.2022<\/td>\n<td width=\"11%\">\u00a0 7.00<\/td>\n<td width=\"55%\">+Norbert Hajduk of. Mateusz z rodzin\u0105<\/td>\n<\/tr>\n<tr>\n<td width=\"11%\">17.00<\/td>\n<td width=\"55%\">1. +Stanis\u0142aw Wo\u0142owczyk \/2 r. \u015bm.\/ of. Wojciech<\/p>\n<p>2. +Maria, Teodor<\/td>\n<\/tr>\n<tr>\n<td rowspan=\"4\" width=\"32%\"><strong>NIEDZIELA <\/strong><\/p>\n<p><strong>\u00a0\u00a0\u00a0\u00a0\u00a0\u00a0\u00a0\u00a0\u00a0\u00a0\u00a0\u00a0\u00a0\u00a0\u00a0 <\/strong>13.02.2022<\/td>\n<td width=\"11%\">7.30<\/td>\n<td width=\"55%\">+J\u00f3zef\u0119, Stanis\u0142aw Rajchel<\/td>\n<\/tr>\n<tr>\n<td width=\"11%\">9.15<\/td>\n<td width=\"55%\">+Jan, Joann\u0119 Sza\u0142ankiewicz<\/td>\n<\/tr>\n<tr>\n<td width=\"11%\">11.00<\/td>\n<td width=\"55%\"><strong>Za Parafian<\/strong><\/td>\n<\/tr>\n<tr>\n<td width=\"11%\">16.30<\/td>\n<td width=\"55%\">+J\u00f3zef \/25 r. \u015bm.\/ Stanis\u0142aw\u0119 Kielar<\/td>\n<\/tr>\n<\/tbody>\n<\/table>\n","protected":false},"excerpt":{"rendered":"<p>Poniedzia\u0142ek 7.02.2022 \u00a0 7.00 +Ryszard Szczudlik of. Edward Tele\u017cy\u0144ski 17.00 1. +Dominika Kwiatkowska of. syn 2. +Boles\u0142aw Kijowski of. siostry felicjanki z Beska Wtorek 8.02..2022 \u00a0 7.00 +Janina Szybka of. siostra Irena z rodzin\u0105 17.00 1. +Maria Betlej \/11 r. \u015bm.\/ 2. +J\u00f3zef\u0119 Filipowicz of. s\u0105siedzi z ul. Poprzecznej \u015aroda<span class=\"more-link\"><a href=\"https:\/\/parafiabesko.pl\/?p=9593\">Czytaj wi\u0119cej<\/a><\/span><\/p>\n","protected":false},"author":1,"featured_media":0,"comment_status":"closed","ping_status":"open","sticky":false,"template":"","format":"standard","meta":{"footnotes":""},"categories":[4],"tags":[],"class_list":["entry","author-adminparafiibesko","post-9593","post","type-post","status-publish","format-standard","category-intencje-mszalne"],"_links":{"self":[{"href":"https:\/\/parafiabesko.pl\/index.php?rest_route=\/wp\/v2\/posts\/9593","targetHints":{"allow":["GET"]}}],"collection":[{"href":"https:\/\/parafiabesko.pl\/index.php?rest_route=\/wp\/v2\/posts"}],"about":[{"href":"https:\/\/parafiabesko.pl\/index.php?rest_route=\/wp\/v2\/types\/post"}],"author":[{"embeddable":true,"href":"https:\/\/parafiabesko.pl\/index.php?rest_route=\/wp\/v2\/users\/1"}],"replies":[{"embeddable":true,"href":"https:\/\/parafiabesko.pl\/index.php?rest_route=%2Fwp%2Fv2%2Fcomments&post=9593"}],"version-history":[{"count":0,"href":"https:\/\/parafiabesko.pl\/index.php?rest_route=\/wp\/v2\/posts\/9593\/revisions"}],"wp:attachment":[{"href":"https:\/\/parafiabesko.pl\/index.php?rest_route=%2Fwp%2Fv2%2Fmedia&parent=9593"}],"wp:term":[{"taxonomy":"category","embeddable":true,"href":"https:\/\/parafiabesko.pl\/index.php?rest_route=%2Fwp%2Fv2%2Fcategories&post=9593"},{"taxonomy":"post_tag","embeddable":true,"href":"https:\/\/parafiabesko.pl\/index.php?rest_route=%2Fwp%2Fv2%2Ftags&post=9593"}],"curies":[{"name":"wp","href":"https:\/\/api.w.org\/{rel}","templated":true}]}}