{"id":9590,"date":"2022-01-30T15:22:47","date_gmt":"2022-01-30T15:22:47","guid":{"rendered":"http:\/\/parafiabesko.pl\/?p=9590"},"modified":"2022-01-30T15:22:47","modified_gmt":"2022-01-30T15:22:47","slug":"ogloszenia-parafialne-30-01-2022r","status":"publish","type":"post","link":"https:\/\/parafiabesko.pl\/?p=9590","title":{"rendered":"Og\u0142oszenia parafialne 30.01.2022r."},"content":{"rendered":"<p>4 niedziela zwyk\u0142a<\/p>\n<p>Spowied\u017a przed pierwszym pi\u0105tkiem miesi\u0105ca od poniedzia\u0142ku rano i wieczorem przed Msz\u0105 \u015bwi\u0119t\u0105. Dzieci i m\u0142odzie\u017c do spowiedzi zapraszamy we \u015brod\u0119 od godziny 16.00.<\/p>\n<p>W poniedzia\u0142ek o godz. 17.00 modlitwa przy relikwiach \u015bw. Jana Paw\u0142a II.<\/p>\n<p>We wtorek o godz. 17.00 Nabo\u017ce\u0144stwo do Bo\u017cego Mi\u0142osierdzia<\/p>\n<p>We \u015brod\u0119 <strong>2 lutego \u015awi\u0119to<\/strong> <strong>Ofiarowania Pa\u0144skiego \u2013 Matki Bo\u017cej Gromnicznej.<\/strong> Porz\u0105dek Mszy \u015bwi\u0119tej w Besku: rano 7.30, suma 10.00,\u00a0\u00a0\u00a0\u00a0\u00a0\u00a0\u00a0\u00a0 \u00a0po po\u0142udniu o 17.00.\u00a0 Na ka\u017cdej Mszy \u015bwi\u0119tej po\u015bwi\u0119cenie gromnic.\u00a0 W ko\u015bcio\u0142ach filialnych Msze \u015bwi\u0119te z po\u015bwi\u0119ceniem gromnic b\u0119d\u0105 odprawione:\u00a0 Mymo\u0144 \u2013 16.00, Por\u0119by \u2013 16.00. W tym dniu modlimy si\u0119 za osoby konsekrowane, a taca przeznaczona jest na zakony klauzurowe.<\/p>\n<p><strong>\u00a0<\/strong>Pierwszy czwartek miesi\u0105ca o godzinie 17.00 Godzina \u015bwi\u0119ta i Msza \u015bwi\u0119ta.<\/p>\n<p>W pierwszy pi\u0105tek miesi\u0105ca o godz. 7.00 Msza \u015bw. i adoracja, adoruje r\u00f3\u017ca Wniebowzi\u0119cia NMP prze\u0142o\u017cona Agata Mroczkowska, wieczorem o godz. 17.00 Msza \u015bw. i adoracja. Chorych w Besku nie b\u0119dziemy odwiedza\u0107 \u2013 mog\u0105 przyj\u0105\u0107 Komuni\u0119 \u015bw. duchowo. W ko\u015bcio\u0142ach filialnych w Mymoniu i Por\u0119bach o godz. 15.00 spowied\u017a, adoracja i Msza \u015bw.<\/p>\n<p>Pierwsza sobota miesi\u0105ca o godzinie 7.00 Msza \u015bwi\u0119ta i nabo\u017ce\u0144stwo do Matki Bo\u017cej adoruje r\u00f3\u017ca Zwiastowania NMP prze\u0142o\u017cona Maria Bacior, wieczorem o godzinie 17.00 Msza \u015bwi\u0119ta i nabo\u017ce\u0144stwo do Matki Bo\u017cej.<\/p>\n<p>W przysz\u0142\u0105 niedziel\u0119 Niedziela Adoracyjna \u2013 od godziny 12.00 do 16.00 prywatna adoracja rodzin. O godzinie 16.00 nabo\u017ce\u0144stwo r\u00f3\u017ca\u0144cowe i zmiana tajemnic \u2013 adoruje r\u00f3\u017ca Matki Teresy z Kalkuty prze\u0142o\u017cona Kazimiera Kasperkowicz.<\/p>\n","protected":false},"excerpt":{"rendered":"<p>4 niedziela zwyk\u0142a Spowied\u017a przed pierwszym pi\u0105tkiem miesi\u0105ca od poniedzia\u0142ku rano i wieczorem przed Msz\u0105 \u015bwi\u0119t\u0105. Dzieci i m\u0142odzie\u017c do spowiedzi zapraszamy we \u015brod\u0119 od godziny 16.00. W poniedzia\u0142ek o godz. 17.00 modlitwa przy relikwiach \u015bw. Jana Paw\u0142a II. We wtorek o godz. 17.00 Nabo\u017ce\u0144stwo do Bo\u017cego Mi\u0142osierdzia We \u015brod\u0119<span class=\"more-link\"><a href=\"https:\/\/parafiabesko.pl\/?p=9590\">Czytaj wi\u0119cej<\/a><\/span><\/p>\n","protected":false},"author":1,"featured_media":0,"comment_status":"closed","ping_status":"open","sticky":false,"template":"","format":"standard","meta":{"footnotes":""},"categories":[7],"tags":[],"class_list":["entry","author-adminparafiibesko","post-9590","post","type-post","status-publish","format-standard","category-ogloszenia-parafialne"],"_links":{"self":[{"href":"https:\/\/parafiabesko.pl\/index.php?rest_route=\/wp\/v2\/posts\/9590","targetHints":{"allow":["GET"]}}],"collection":[{"href":"https:\/\/parafiabesko.pl\/index.php?rest_route=\/wp\/v2\/posts"}],"about":[{"href":"https:\/\/parafiabesko.pl\/index.php?rest_route=\/wp\/v2\/types\/post"}],"author":[{"embeddable":true,"href":"https:\/\/parafiabesko.pl\/index.php?rest_route=\/wp\/v2\/users\/1"}],"replies":[{"embeddable":true,"href":"https:\/\/parafiabesko.pl\/index.php?rest_route=%2Fwp%2Fv2%2Fcomments&post=9590"}],"version-history":[{"count":0,"href":"https:\/\/parafiabesko.pl\/index.php?rest_route=\/wp\/v2\/posts\/9590\/revisions"}],"wp:attachment":[{"href":"https:\/\/parafiabesko.pl\/index.php?rest_route=%2Fwp%2Fv2%2Fmedia&parent=9590"}],"wp:term":[{"taxonomy":"category","embeddable":true,"href":"https:\/\/parafiabesko.pl\/index.php?rest_route=%2Fwp%2Fv2%2Fcategories&post=9590"},{"taxonomy":"post_tag","embeddable":true,"href":"https:\/\/parafiabesko.pl\/index.php?rest_route=%2Fwp%2Fv2%2Ftags&post=9590"}],"curies":[{"name":"wp","href":"https:\/\/api.w.org\/{rel}","templated":true}]}}