{"id":9588,"date":"2022-01-30T15:19:03","date_gmt":"2022-01-30T15:19:03","guid":{"rendered":"http:\/\/parafiabesko.pl\/?p=9588"},"modified":"2022-01-30T15:19:03","modified_gmt":"2022-01-30T15:19:03","slug":"intencje-mszalne-30-01-6-02-2022r","status":"publish","type":"post","link":"https:\/\/parafiabesko.pl\/?p=9588","title":{"rendered":"Intencje mszalne 30.01-6.02.2022r."},"content":{"rendered":"<table width=\"101%\">\n<tbody>\n<tr>\n<td rowspan=\"2\" width=\"32%\"><strong>Poniedzia\u0142ek<\/strong><\/p>\n<p>31.01.2022<\/td>\n<td width=\"11%\">7.00<\/td>\n<td width=\"55%\">+Jan Kielar of. s\u0105siad Edward<\/td>\n<\/tr>\n<tr>\n<td width=\"11%\">17.00<\/td>\n<td width=\"55%\">1. +Helena, W\u0142adys\u0142aw, Kazimierz Kostka<\/p>\n<p>2. +Albin Rajchel of. siostra z rodzin\u0105<\/td>\n<\/tr>\n<tr>\n<td rowspan=\"2\" width=\"32%\"><strong>Wtorek <\/strong><\/p>\n<p>1.02..2022<\/td>\n<td width=\"11%\">7.00<\/td>\n<td width=\"55%\">Dzi\u0119kczynna za 45 lat ma\u0142\u017ce\u0144stwa Haliny i J\u00f3zefa z pro\u015bb\u0105 opiek\u0119 Bo\u017c\u0105 dla rodziny<\/td>\n<\/tr>\n<tr>\n<td width=\"11%\">17.00<\/td>\n<td width=\"55%\">1. +Boles\u0142aw Kijowski of. syn Wojciech z rodzin\u0105<\/p>\n<p>2. +Janina Szybka of. c\u00f3rka Adrianna z rodzin\u0105<\/td>\n<\/tr>\n<tr>\n<td rowspan=\"2\" width=\"32%\"><strong>\u015aroda<\/strong><\/p>\n<p><strong>Ofiarowanie<\/strong><\/p>\n<p><strong>Pa\u0144skie\u00a0 <\/strong><\/p>\n<p>2.02..2022<\/td>\n<td width=\"11%\">&nbsp;<\/td>\n<td width=\"55%\"><strong>Matki Bo\u017cej Gromnicznej<\/strong><\/td>\n<\/tr>\n<tr>\n<td width=\"11%\">&nbsp;<\/td>\n<td width=\"55%\"><strong>7.30<\/strong> &#8211; O opiek\u0119 Bo\u017ca of. r\u00f3\u017ca MB Gromnicznej prze\u0142o\u017cona Zofia Rzo\u0144ca<\/p>\n<p><strong>10.00<\/strong> +Eugeniusz, Stanis\u0142aw\u0119 Szybka of. dzieci<\/p>\n<p><strong>17.00<\/strong>&#8211; Dzi\u0119kczynna za \u0142ask\u0119 uzdrowienia z pro\u015bb\u0105 o opiek\u0119 Bo\u017c\u0105<\/td>\n<\/tr>\n<tr>\n<td rowspan=\"2\" width=\"32%\"><strong>Czwartek <\/strong><\/p>\n<p>3.02.2022<\/p>\n<p>&nbsp;<\/td>\n<td width=\"11%\">7.00<\/td>\n<td width=\"55%\">+J\u00f3zefa Filipowicz of. synowa Zdzis\u0142awa<\/td>\n<\/tr>\n<tr>\n<td width=\"11%\"><strong>\u00a0\u00a0 <\/strong>17.00<\/td>\n<td width=\"55%\">1. +Jerzy, Maria, Janina, J\u00f3zef Stapi\u0144scy<\/p>\n<p>2. + Krystyna Kordasiewicz of. Maria Kr\u0119pulec z rodzin\u0105<\/td>\n<\/tr>\n<tr>\n<td rowspan=\"2\" width=\"32%\"><strong>Pi\u0105tek<\/strong><\/p>\n<p>4.02.2022<\/td>\n<td width=\"11%\">7.00<\/td>\n<td width=\"55%\">+ Albin Rajchel of. wnuczka Renata z rodzin\u0105<\/td>\n<\/tr>\n<tr>\n<td width=\"11%\">17.00<\/td>\n<td width=\"55%\">W 18-te urodziny z pro\u015bb\u0105 o potrzebne \u0142aski w doros\u0142ym\u00a0 \u017cyciu<\/td>\n<\/tr>\n<tr>\n<td rowspan=\"2\" width=\"32%\"><strong>Sobota <\/strong><\/p>\n<p>5.02.2022<\/td>\n<td width=\"11%\">7.00<\/td>\n<td width=\"55%\">1. + Maria, J\u00f3zef Roman<\/p>\n<p>2. +Stanis\u0142aw Stapi\u0144ski of. s\u0105siedzi z ul. Starowiejskiej<\/td>\n<\/tr>\n<tr>\n<td width=\"11%\">17.00<\/td>\n<td width=\"55%\">+Julia Bro\u0144ska<\/td>\n<\/tr>\n<tr>\n<td rowspan=\"4\" width=\"32%\"><strong>NIEDZIELA <\/strong><\/p>\n<p><strong>\u00a0\u00a0\u00a0\u00a0\u00a0\u00a0\u00a0\u00a0\u00a0\u00a0\u00a0\u00a0\u00a0\u00a0\u00a0 <\/strong>6.02.2022<\/td>\n<td width=\"11%\">7.30<\/td>\n<td width=\"55%\">+ Boles\u0142aw Kijowski of. c\u00f3rka Dorota z rodzin\u0105<\/td>\n<\/tr>\n<tr>\n<td width=\"11%\">9.15<\/td>\n<td width=\"55%\">+ Maria Kasperkowicz of. synowa Renata z m\u0119\u017cem<\/td>\n<\/tr>\n<tr>\n<td width=\"11%\">11.00<\/td>\n<td width=\"55%\"><strong>Za Parafian<\/strong><\/td>\n<\/tr>\n<tr>\n<td width=\"11%\">16.30<\/td>\n<td width=\"55%\">&#8211; O zdrowie i b\u0142og. Bo\u017ce dla si\u00f3str i rodzin z r\u00f3\u017cy Matki Ko\u015bcio\u0142a prze\u0142o\u017cona Stanis\u0142awa Strachocka<\/td>\n<\/tr>\n<\/tbody>\n<\/table>\n","protected":false},"excerpt":{"rendered":"<p>Poniedzia\u0142ek 31.01.2022 7.00 +Jan Kielar of. s\u0105siad Edward 17.00 1. +Helena, W\u0142adys\u0142aw, Kazimierz Kostka 2. +Albin Rajchel of. siostra z rodzin\u0105 Wtorek 1.02..2022 7.00 Dzi\u0119kczynna za 45 lat ma\u0142\u017ce\u0144stwa Haliny i J\u00f3zefa z pro\u015bb\u0105 opiek\u0119 Bo\u017c\u0105 dla rodziny 17.00 1. +Boles\u0142aw Kijowski of. syn Wojciech z rodzin\u0105 2. +Janina Szybka<span class=\"more-link\"><a href=\"https:\/\/parafiabesko.pl\/?p=9588\">Czytaj wi\u0119cej<\/a><\/span><\/p>\n","protected":false},"author":1,"featured_media":0,"comment_status":"closed","ping_status":"open","sticky":false,"template":"","format":"standard","meta":{"footnotes":""},"categories":[4],"tags":[],"class_list":["entry","author-adminparafiibesko","post-9588","post","type-post","status-publish","format-standard","category-intencje-mszalne"],"_links":{"self":[{"href":"https:\/\/parafiabesko.pl\/index.php?rest_route=\/wp\/v2\/posts\/9588","targetHints":{"allow":["GET"]}}],"collection":[{"href":"https:\/\/parafiabesko.pl\/index.php?rest_route=\/wp\/v2\/posts"}],"about":[{"href":"https:\/\/parafiabesko.pl\/index.php?rest_route=\/wp\/v2\/types\/post"}],"author":[{"embeddable":true,"href":"https:\/\/parafiabesko.pl\/index.php?rest_route=\/wp\/v2\/users\/1"}],"replies":[{"embeddable":true,"href":"https:\/\/parafiabesko.pl\/index.php?rest_route=%2Fwp%2Fv2%2Fcomments&post=9588"}],"version-history":[{"count":0,"href":"https:\/\/parafiabesko.pl\/index.php?rest_route=\/wp\/v2\/posts\/9588\/revisions"}],"wp:attachment":[{"href":"https:\/\/parafiabesko.pl\/index.php?rest_route=%2Fwp%2Fv2%2Fmedia&parent=9588"}],"wp:term":[{"taxonomy":"category","embeddable":true,"href":"https:\/\/parafiabesko.pl\/index.php?rest_route=%2Fwp%2Fv2%2Fcategories&post=9588"},{"taxonomy":"post_tag","embeddable":true,"href":"https:\/\/parafiabesko.pl\/index.php?rest_route=%2Fwp%2Fv2%2Ftags&post=9588"}],"curies":[{"name":"wp","href":"https:\/\/api.w.org\/{rel}","templated":true}]}}