{"id":9586,"date":"2022-01-23T20:20:50","date_gmt":"2022-01-23T20:20:50","guid":{"rendered":"http:\/\/parafiabesko.pl\/?p=9586"},"modified":"2022-01-23T20:20:50","modified_gmt":"2022-01-23T20:20:50","slug":"ogloszenia-23-01-2022r","status":"publish","type":"post","link":"https:\/\/parafiabesko.pl\/?p=9586","title":{"rendered":"Og\u0142oszenia 23.01.2022r."},"content":{"rendered":"<p>3 niedziela zwyk\u0142a<\/p>\n<p>Dzisiaj <strong>Niedziela S\u0142owa Bo\u017cego<\/strong>. Zach\u0119camy Parafian do lektury Pisma \u015awi\u0119tego.<\/p>\n<p>W poniedzia\u0142ek o godz. 17.00 modlitwa przy relikwiach \u015bw. Jana Paw\u0142a II.<\/p>\n<p>We wtorek o godz. 17.00 Nabo\u017ce\u0144stwo do Bo\u017cego Mi\u0142osierdzia.<\/p>\n<p>We \u015brod\u0119 o godz. 17.00 Nowenna do Matki Bo\u017cej Nieustaj\u0105cej Pomocy.<\/p>\n<p>W czwartek na godz. 17.00 zapraszamy dzieci klasy trzeciej i rodzic\u00f3w na obrz\u0119d po\u015bwiecenia i wr\u0119czenia ksi\u0105\u017ceczki modlitewnej oraz spotkanie formacyjne.<\/p>\n<p>Dzi\u0119kujemy za ofiary z\u0142o\u017cone przez Parafian z okazji modlitwy kol\u0119dowej w naszej Parafii. B\u00f3g zap\u0142a\u0107!<\/p>\n","protected":false},"excerpt":{"rendered":"<p>3 niedziela zwyk\u0142a Dzisiaj Niedziela S\u0142owa Bo\u017cego. Zach\u0119camy Parafian do lektury Pisma \u015awi\u0119tego. W poniedzia\u0142ek o godz. 17.00 modlitwa przy relikwiach \u015bw. Jana Paw\u0142a II. We wtorek o godz. 17.00 Nabo\u017ce\u0144stwo do Bo\u017cego Mi\u0142osierdzia. We \u015brod\u0119 o godz. 17.00 Nowenna do Matki Bo\u017cej Nieustaj\u0105cej Pomocy. W czwartek na godz. 17.00<span class=\"more-link\"><a href=\"https:\/\/parafiabesko.pl\/?p=9586\">Czytaj wi\u0119cej<\/a><\/span><\/p>\n","protected":false},"author":1,"featured_media":0,"comment_status":"closed","ping_status":"open","sticky":false,"template":"","format":"standard","meta":{"footnotes":""},"categories":[7],"tags":[],"class_list":["entry","author-adminparafiibesko","post-9586","post","type-post","status-publish","format-standard","category-ogloszenia-parafialne"],"_links":{"self":[{"href":"https:\/\/parafiabesko.pl\/index.php?rest_route=\/wp\/v2\/posts\/9586","targetHints":{"allow":["GET"]}}],"collection":[{"href":"https:\/\/parafiabesko.pl\/index.php?rest_route=\/wp\/v2\/posts"}],"about":[{"href":"https:\/\/parafiabesko.pl\/index.php?rest_route=\/wp\/v2\/types\/post"}],"author":[{"embeddable":true,"href":"https:\/\/parafiabesko.pl\/index.php?rest_route=\/wp\/v2\/users\/1"}],"replies":[{"embeddable":true,"href":"https:\/\/parafiabesko.pl\/index.php?rest_route=%2Fwp%2Fv2%2Fcomments&post=9586"}],"version-history":[{"count":0,"href":"https:\/\/parafiabesko.pl\/index.php?rest_route=\/wp\/v2\/posts\/9586\/revisions"}],"wp:attachment":[{"href":"https:\/\/parafiabesko.pl\/index.php?rest_route=%2Fwp%2Fv2%2Fmedia&parent=9586"}],"wp:term":[{"taxonomy":"category","embeddable":true,"href":"https:\/\/parafiabesko.pl\/index.php?rest_route=%2Fwp%2Fv2%2Fcategories&post=9586"},{"taxonomy":"post_tag","embeddable":true,"href":"https:\/\/parafiabesko.pl\/index.php?rest_route=%2Fwp%2Fv2%2Ftags&post=9586"}],"curies":[{"name":"wp","href":"https:\/\/api.w.org\/{rel}","templated":true}]}}