{"id":9584,"date":"2022-01-23T20:18:02","date_gmt":"2022-01-23T20:18:02","guid":{"rendered":"http:\/\/parafiabesko.pl\/?p=9584"},"modified":"2022-01-23T20:18:02","modified_gmt":"2022-01-23T20:18:02","slug":"intencje-mszalne-23-30-01-2022r","status":"publish","type":"post","link":"https:\/\/parafiabesko.pl\/?p=9584","title":{"rendered":"Intencje mszalne 23-30.01.2022r."},"content":{"rendered":"<table width=\"101%\">\n<tbody>\n<tr>\n<td rowspan=\"2\" width=\"32%\"><strong>Poniedzia\u0142ek<\/strong><\/p>\n<p>24.01.2022<\/td>\n<td width=\"11%\">7.00<\/td>\n<td width=\"55%\">+ Maria Koczera \/2 r. \u015bm.\/ of. Tadeusz i Les\u0142aw z rodzin\u0105<\/td>\n<\/tr>\n<tr>\n<td width=\"11%\">17.00<\/td>\n<td width=\"55%\">1. + Tadeusz Zubik of. Marcin i Krzysztof<\/p>\n<p>2. + Monika \/3 r. \u015bm.\/ of. taty<\/td>\n<\/tr>\n<tr>\n<td rowspan=\"2\" width=\"32%\"><strong>Wtorek <\/strong><\/p>\n<p>25.01.2022<\/td>\n<td width=\"11%\">7.00<\/td>\n<td width=\"55%\">+ Domicela Ziemia\u0144ska of. pracownicy szko\u0142y w Zarszynie<\/td>\n<\/tr>\n<tr>\n<td width=\"11%\">17.00<\/td>\n<td width=\"55%\">1. + Kazimiera, Mieczys\u0142aw Fydryk<\/p>\n<p>2. + Zofia, Jan Mermer<\/td>\n<\/tr>\n<tr>\n<td rowspan=\"2\" width=\"32%\"><strong>\u015aroda\u00a0 <\/strong><\/p>\n<p>26.01.2022<\/td>\n<td width=\"11%\">\u00a0\u00a0\u00a0\u00a0 7.00<\/td>\n<td width=\"55%\">+ Ma\u0142gorzata Zawojska \/10 r. \u015bm.\/<\/td>\n<\/tr>\n<tr>\n<td width=\"11%\">17.00<\/td>\n<td width=\"55%\">1. + Stanis\u0142aw Koczwara \/1 r. \u015bm\/<\/p>\n<p>2. + Helena, Czes\u0142aw Niepewny<\/td>\n<\/tr>\n<tr>\n<td rowspan=\"2\" width=\"32%\"><strong>Czwartek <\/strong><\/p>\n<p>27.01.2022<\/p>\n<p>&nbsp;<\/td>\n<td width=\"11%\">7.00<\/td>\n<td width=\"55%\">+ Janina Szybka of. c\u00f3rka Adrianna z rodzin\u0105<\/td>\n<\/tr>\n<tr>\n<td width=\"11%\"><strong>\u00a0\u00a0 <\/strong>17.00<\/td>\n<td width=\"55%\">1. + Boles\u0142aw Kijowski of. rodzina Szul<\/p>\n<p>2. + Tadeusz Wr\u00f3bel of. siostra Kazimiera<\/td>\n<\/tr>\n<tr>\n<td rowspan=\"2\" width=\"32%\"><strong>Pi\u0105tek<\/strong><\/p>\n<p>28.01.2022<\/td>\n<td width=\"11%\">7.00<\/td>\n<td width=\"55%\">+ Tomasz Hajduk of. kibice LKS Prze\u0142om Besko<\/td>\n<\/tr>\n<tr>\n<td width=\"11%\">17.00<\/td>\n<td width=\"55%\">1. + Stanis\u0142awa Kozak<\/p>\n<p>2. +J\u00f3zef\u0119 Filipowicz of. wnuk Patryk z \u017con\u0105<\/td>\n<\/tr>\n<tr>\n<td rowspan=\"2\" width=\"32%\"><strong>Sobota <\/strong><\/p>\n<p>29.01.2022<\/td>\n<td width=\"11%\">7.00<\/td>\n<td width=\"55%\">+ Krystyna Kordasiewicz of. Maria Gac z rodzin\u0105<\/td>\n<\/tr>\n<tr>\n<td width=\"11%\">17.00<\/td>\n<td width=\"55%\">1. + Stanis\u0142aw Stapi\u0144ski of. Kazimiera Ja\u015blar z rodzin\u0105<\/p>\n<p>2. + Stanis\u0142aw Stapi\u0144ski of. c\u00f3rka El\u017cbieta z rodzin\u0105<\/td>\n<\/tr>\n<tr>\n<td rowspan=\"4\" width=\"32%\"><strong>NIEDZIELA <\/strong><\/p>\n<p>30.01.2022<\/td>\n<td width=\"11%\">7.30<\/td>\n<td width=\"55%\">+ Edward Szul \/34 r. \u015bm.\/, J\u00f3zef\u0119 , Stanis\u0142aw<\/td>\n<\/tr>\n<tr>\n<td width=\"11%\">9.15<\/td>\n<td width=\"55%\">+ Anna, Jan Rajchel<\/td>\n<\/tr>\n<tr>\n<td width=\"11%\">11.00<\/td>\n<td width=\"55%\"><strong>Za Parafian<\/strong><\/td>\n<\/tr>\n<tr>\n<td width=\"11%\">16.30<\/td>\n<td width=\"55%\">+ Adam Wroniak<\/td>\n<\/tr>\n<\/tbody>\n<\/table>\n","protected":false},"excerpt":{"rendered":"<p>Poniedzia\u0142ek 24.01.2022 7.00 + Maria Koczera \/2 r. \u015bm.\/ of. Tadeusz i Les\u0142aw z rodzin\u0105 17.00 1. + Tadeusz Zubik of. Marcin i Krzysztof 2. + Monika \/3 r. \u015bm.\/ of. taty Wtorek 25.01.2022 7.00 + Domicela Ziemia\u0144ska of. pracownicy szko\u0142y w Zarszynie 17.00 1. + Kazimiera, Mieczys\u0142aw Fydryk 2.<span class=\"more-link\"><a href=\"https:\/\/parafiabesko.pl\/?p=9584\">Czytaj wi\u0119cej<\/a><\/span><\/p>\n","protected":false},"author":1,"featured_media":0,"comment_status":"closed","ping_status":"open","sticky":false,"template":"","format":"standard","meta":{"footnotes":""},"categories":[4],"tags":[],"class_list":["entry","author-adminparafiibesko","post-9584","post","type-post","status-publish","format-standard","category-intencje-mszalne"],"_links":{"self":[{"href":"https:\/\/parafiabesko.pl\/index.php?rest_route=\/wp\/v2\/posts\/9584","targetHints":{"allow":["GET"]}}],"collection":[{"href":"https:\/\/parafiabesko.pl\/index.php?rest_route=\/wp\/v2\/posts"}],"about":[{"href":"https:\/\/parafiabesko.pl\/index.php?rest_route=\/wp\/v2\/types\/post"}],"author":[{"embeddable":true,"href":"https:\/\/parafiabesko.pl\/index.php?rest_route=\/wp\/v2\/users\/1"}],"replies":[{"embeddable":true,"href":"https:\/\/parafiabesko.pl\/index.php?rest_route=%2Fwp%2Fv2%2Fcomments&post=9584"}],"version-history":[{"count":0,"href":"https:\/\/parafiabesko.pl\/index.php?rest_route=\/wp\/v2\/posts\/9584\/revisions"}],"wp:attachment":[{"href":"https:\/\/parafiabesko.pl\/index.php?rest_route=%2Fwp%2Fv2%2Fmedia&parent=9584"}],"wp:term":[{"taxonomy":"category","embeddable":true,"href":"https:\/\/parafiabesko.pl\/index.php?rest_route=%2Fwp%2Fv2%2Fcategories&post=9584"},{"taxonomy":"post_tag","embeddable":true,"href":"https:\/\/parafiabesko.pl\/index.php?rest_route=%2Fwp%2Fv2%2Ftags&post=9584"}],"curies":[{"name":"wp","href":"https:\/\/api.w.org\/{rel}","templated":true}]}}