{"id":9581,"date":"2022-01-16T15:53:35","date_gmt":"2022-01-16T15:53:35","guid":{"rendered":"http:\/\/parafiabesko.pl\/?p=9581"},"modified":"2022-01-16T15:53:35","modified_gmt":"2022-01-16T15:53:35","slug":"ogloszenia-parafialne-16-01-2022r","status":"publish","type":"post","link":"https:\/\/parafiabesko.pl\/?p=9581","title":{"rendered":"Og\u0142oszenia parafialne 16.01.2022r."},"content":{"rendered":"<p>2 niedziela zwyk\u0142a<\/p>\n<p>W poniedzia\u0142ek o godz. 17.00 modlitwa przy relikwiach \u015bw. Jana Paw\u0142a II.<\/p>\n<p>We wtorek o godz. 17.00 Nabo\u017ce\u0144stwo do Bo\u017cego Mi\u0142osierdzia.<\/p>\n<p>W \u015brod\u0119 wspomnienie \u015bw. J\u00f3zefa Sebastiana Pelczara o godz. 17.00 Nowenna do Matki Bo\u017cej Nieustaj\u0105cej Pomocy.<\/p>\n<p>Kol\u0119da w ko\u015bciele w Besku &#8211; I tak do ko\u015bcio\u0142a zapraszamy rodziny z dzielnic na:<\/p>\n<p><strong>&#8211;\u00a0 Dzisiaj &#8211; 16 stycznia 2022 roku <\/strong>na godzin\u0119 11.00 rodziny z dzielnic<strong>: Sucha Wie\u015b, POM Pekum, Porzecze, Zak\u0105cie, Frysztak, Cieplaki, Ogrody.<\/strong><\/p>\n<p>Za tydzie\u0144 <strong>Niedziela S\u0142owa Bo\u017cego<\/strong>. Zach\u0119camy Parafian do lektury Pisma \u015awi\u0119tego. Na sumie koncert kol\u0119d w wykonaniu orkiestry OSP w Besku.<\/p>\n","protected":false},"excerpt":{"rendered":"<p>2 niedziela zwyk\u0142a W poniedzia\u0142ek o godz. 17.00 modlitwa przy relikwiach \u015bw. Jana Paw\u0142a II. We wtorek o godz. 17.00 Nabo\u017ce\u0144stwo do Bo\u017cego Mi\u0142osierdzia. W \u015brod\u0119 wspomnienie \u015bw. J\u00f3zefa Sebastiana Pelczara o godz. 17.00 Nowenna do Matki Bo\u017cej Nieustaj\u0105cej Pomocy. Kol\u0119da w ko\u015bciele w Besku &#8211; I tak do ko\u015bcio\u0142a<span class=\"more-link\"><a href=\"https:\/\/parafiabesko.pl\/?p=9581\">Czytaj wi\u0119cej<\/a><\/span><\/p>\n","protected":false},"author":1,"featured_media":0,"comment_status":"closed","ping_status":"open","sticky":false,"template":"","format":"standard","meta":{"footnotes":""},"categories":[7],"tags":[],"class_list":["entry","author-adminparafiibesko","post-9581","post","type-post","status-publish","format-standard","category-ogloszenia-parafialne"],"_links":{"self":[{"href":"https:\/\/parafiabesko.pl\/index.php?rest_route=\/wp\/v2\/posts\/9581","targetHints":{"allow":["GET"]}}],"collection":[{"href":"https:\/\/parafiabesko.pl\/index.php?rest_route=\/wp\/v2\/posts"}],"about":[{"href":"https:\/\/parafiabesko.pl\/index.php?rest_route=\/wp\/v2\/types\/post"}],"author":[{"embeddable":true,"href":"https:\/\/parafiabesko.pl\/index.php?rest_route=\/wp\/v2\/users\/1"}],"replies":[{"embeddable":true,"href":"https:\/\/parafiabesko.pl\/index.php?rest_route=%2Fwp%2Fv2%2Fcomments&post=9581"}],"version-history":[{"count":0,"href":"https:\/\/parafiabesko.pl\/index.php?rest_route=\/wp\/v2\/posts\/9581\/revisions"}],"wp:attachment":[{"href":"https:\/\/parafiabesko.pl\/index.php?rest_route=%2Fwp%2Fv2%2Fmedia&parent=9581"}],"wp:term":[{"taxonomy":"category","embeddable":true,"href":"https:\/\/parafiabesko.pl\/index.php?rest_route=%2Fwp%2Fv2%2Fcategories&post=9581"},{"taxonomy":"post_tag","embeddable":true,"href":"https:\/\/parafiabesko.pl\/index.php?rest_route=%2Fwp%2Fv2%2Ftags&post=9581"}],"curies":[{"name":"wp","href":"https:\/\/api.w.org\/{rel}","templated":true}]}}