{"id":9579,"date":"2022-01-16T15:50:37","date_gmt":"2022-01-16T15:50:37","guid":{"rendered":"http:\/\/parafiabesko.pl\/?p=9579"},"modified":"2022-01-16T15:50:37","modified_gmt":"2022-01-16T15:50:37","slug":"intencje-mszalne-17-23-01-2022r","status":"publish","type":"post","link":"https:\/\/parafiabesko.pl\/?p=9579","title":{"rendered":"Intencje mszalne 17-23.01.2022r."},"content":{"rendered":"<table width=\"101%\">\n<tbody>\n<tr>\n<td rowspan=\"2\" width=\"32%\"><strong>Poniedzia\u0142ek<\/strong><\/p>\n<p>17.01.2022<\/td>\n<td width=\"11%\">7.00<\/td>\n<td width=\"55%\">+Ma\u0142gorzata Dziok of. s\u0105siedzi z ul. Starowiejskiej<\/td>\n<\/tr>\n<tr>\n<td width=\"11%\">17.00<\/td>\n<td width=\"55%\">1. +Tadeusz Zubik of. Kamil i Norbert<\/p>\n<p>2. + Walerian Wr\u00f3bel of. c\u00f3rka Ewa z rodzin\u0105<\/td>\n<\/tr>\n<tr>\n<td rowspan=\"2\" width=\"32%\"><strong>Wtorek <\/strong><\/p>\n<p>18.01.2022<\/td>\n<td width=\"11%\">7.00<\/td>\n<td width=\"55%\">+Kazimiera Szybka of. brat Stanis\u0142aw z \u017con\u0105<\/td>\n<\/tr>\n<tr>\n<td width=\"11%\">17.00<\/td>\n<td width=\"55%\">1. +Boles\u0142aw Zubik \/2 r. \u015bm.\/<\/p>\n<p>2. + Ma\u0142gorzata Dzik of. synowie Marcin, Rafa\u0142, Sebastian<\/td>\n<\/tr>\n<tr>\n<td rowspan=\"2\" width=\"32%\"><strong>\u015aroda\u00a0 <\/strong><\/p>\n<p>19.01.2022<\/td>\n<td width=\"11%\">\u00a0\u00a0\u00a0\u00a0 7.00<\/td>\n<td width=\"55%\">+Ma\u0142gorzata Dziok of. c\u00f3rka Agnieszka z rodzin\u0105<\/td>\n<\/tr>\n<tr>\n<td width=\"11%\">17.00<\/td>\n<td width=\"55%\">1. W 70 rocznic\u0119 urodzin Kazimiery z pro\u015bb\u0105 o opiek\u0119 Bo\u017c\u0105<\/p>\n<p>2. + Stanis\u0142awa Banek of. c\u00f3rka Beata<\/td>\n<\/tr>\n<tr>\n<td rowspan=\"2\" width=\"32%\"><strong>Czwartek <\/strong><\/p>\n<p>20.01.2022<\/p>\n<p>&nbsp;<\/td>\n<td width=\"11%\">7.00<\/td>\n<td width=\"55%\">+Stanis\u0142awa Banek of. rodzina Folcik<\/td>\n<\/tr>\n<tr>\n<td width=\"11%\"><strong>\u00a0\u00a0 <\/strong>17.00<\/td>\n<td width=\"55%\">1. +Edward Czech<\/p>\n<p>2. + Kazimiera Szybka of. r\u00f3\u017ca Niepokalanego Pocz\u0119cia NMP<\/td>\n<\/tr>\n<tr>\n<td rowspan=\"2\" width=\"32%\"><strong>Pi\u0105tek<\/strong><\/p>\n<p>21.01.2022<\/td>\n<td width=\"11%\">7.00<\/td>\n<td width=\"55%\">+J\u00f3zef\u0119, Edward Nycz i zm. z rodziny<\/td>\n<\/tr>\n<tr>\n<td width=\"11%\">17.00<\/td>\n<td width=\"55%\">1. +Agnieszk\u0119<\/p>\n<p>2. +Stanis\u0142aw Folcik \/10 r.. \u015bm.\/<\/td>\n<\/tr>\n<tr>\n<td rowspan=\"2\" width=\"32%\"><strong>Sobota <\/strong><\/p>\n<p>22.01.2022<\/td>\n<td width=\"11%\">7.00<\/td>\n<td width=\"55%\">+Edward Knurek<\/td>\n<\/tr>\n<tr>\n<td width=\"11%\">17.00<\/td>\n<td width=\"55%\">1. +Stanis\u0142aw\u0119, Jan, Kazimierz Szul<\/p>\n<p>2. Dzi\u0119kczynna w 20 rocznic\u0119 \u015blubu Magdaleny i Marcina z pro\u015bb\u0105 o opiek\u0119 Bo\u017c\u0105 dla rodziny<\/td>\n<\/tr>\n<tr>\n<td rowspan=\"4\" width=\"32%\"><strong>NIEDZIELA <\/strong><\/p>\n<p><strong>\u00a0\u00a0\u00a0\u00a0\u00a0\u00a0\u00a0\u00a0\u00a0\u00a0\u00a0\u00a0\u00a0\u00a0\u00a0 <\/strong>23.01.2022<\/td>\n<td width=\"11%\">7.30<\/td>\n<td width=\"55%\">+ Wanda Kr\u0119pulec, Helena Grzesiak<\/td>\n<\/tr>\n<tr>\n<td width=\"11%\">9.15<\/td>\n<td width=\"55%\">+Zofia \/1 r. \u015bm,\/ J\u00f3zef \/8 r. \u015bm.\/ i w intencji Bogu wiadomej<\/td>\n<\/tr>\n<tr>\n<td width=\"11%\">11.00<\/td>\n<td width=\"55%\"><strong>Za Parafian<\/strong><\/td>\n<\/tr>\n<tr>\n<td width=\"11%\">16.30<\/td>\n<td width=\"55%\">+Artur Szydlar \/4 r. \u015bm. i Jan<\/td>\n<\/tr>\n<\/tbody>\n<\/table>\n","protected":false},"excerpt":{"rendered":"<p>Poniedzia\u0142ek 17.01.2022 7.00 +Ma\u0142gorzata Dziok of. s\u0105siedzi z ul. Starowiejskiej 17.00 1. +Tadeusz Zubik of. Kamil i Norbert 2. + Walerian Wr\u00f3bel of. c\u00f3rka Ewa z rodzin\u0105 Wtorek 18.01.2022 7.00 +Kazimiera Szybka of. brat Stanis\u0142aw z \u017con\u0105 17.00 1. +Boles\u0142aw Zubik \/2 r. \u015bm.\/ 2. + Ma\u0142gorzata Dzik of. synowie<span class=\"more-link\"><a href=\"https:\/\/parafiabesko.pl\/?p=9579\">Czytaj wi\u0119cej<\/a><\/span><\/p>\n","protected":false},"author":1,"featured_media":0,"comment_status":"closed","ping_status":"open","sticky":false,"template":"","format":"standard","meta":{"footnotes":""},"categories":[4],"tags":[],"class_list":["entry","author-adminparafiibesko","post-9579","post","type-post","status-publish","format-standard","category-intencje-mszalne"],"_links":{"self":[{"href":"https:\/\/parafiabesko.pl\/index.php?rest_route=\/wp\/v2\/posts\/9579","targetHints":{"allow":["GET"]}}],"collection":[{"href":"https:\/\/parafiabesko.pl\/index.php?rest_route=\/wp\/v2\/posts"}],"about":[{"href":"https:\/\/parafiabesko.pl\/index.php?rest_route=\/wp\/v2\/types\/post"}],"author":[{"embeddable":true,"href":"https:\/\/parafiabesko.pl\/index.php?rest_route=\/wp\/v2\/users\/1"}],"replies":[{"embeddable":true,"href":"https:\/\/parafiabesko.pl\/index.php?rest_route=%2Fwp%2Fv2%2Fcomments&post=9579"}],"version-history":[{"count":0,"href":"https:\/\/parafiabesko.pl\/index.php?rest_route=\/wp\/v2\/posts\/9579\/revisions"}],"wp:attachment":[{"href":"https:\/\/parafiabesko.pl\/index.php?rest_route=%2Fwp%2Fv2%2Fmedia&parent=9579"}],"wp:term":[{"taxonomy":"category","embeddable":true,"href":"https:\/\/parafiabesko.pl\/index.php?rest_route=%2Fwp%2Fv2%2Fcategories&post=9579"},{"taxonomy":"post_tag","embeddable":true,"href":"https:\/\/parafiabesko.pl\/index.php?rest_route=%2Fwp%2Fv2%2Ftags&post=9579"}],"curies":[{"name":"wp","href":"https:\/\/api.w.org\/{rel}","templated":true}]}}