{"id":9577,"date":"2022-01-09T15:01:02","date_gmt":"2022-01-09T15:01:02","guid":{"rendered":"http:\/\/parafiabesko.pl\/?p=9577"},"modified":"2022-01-09T15:01:02","modified_gmt":"2022-01-09T15:01:02","slug":"ogloszenia-parafialne-9-01-2022-r","status":"publish","type":"post","link":"https:\/\/parafiabesko.pl\/?p=9577","title":{"rendered":"Og\u0142oszenia parafialne 9.01.2022 r."},"content":{"rendered":"<p>Niedziela Chrztu Pa\u0144skiego<\/p>\n<p>Dzisiaj na Mszy \u015bw. o godz. 9.15 i 11.00 <strong>Kol\u0119dnicy misyjni<\/strong> przygotowani przez siostr\u0119 Klar\u0119 przedstawi\u0105 tegoroczny program kol\u0119dowy, a ofiary zbierane do puszki przeznaczone s\u0105 dla chorych dzieci w Kazachstanie, Uzbekistanie i Kirgistanie.<\/p>\n<p>Dzisiaj <strong>Niedziela Chrztu Chrystusa<\/strong>. Wraz z dzisiejsz\u0105 niedziel\u0105 ko\u0144czymy w liturgii Okres Bo\u017cego Narodzenia, chocia\u017c tradycyjnie kol\u0119dy \u015bpiewamy do 2 lutego.<\/p>\n<p><u>Kol\u0119da w ko\u015bciele w Besku<\/u> &#8211; do ko\u015bcio\u0142a zapraszamy rodziny z dzielnic na:<\/p>\n<p><strong>&#8211;\u00a0 Dzisiaj &#8211; 9 stycznia 2022 roku<\/strong> na godzin\u0119 11.00 rodziny z dzielnic: <strong>dzielnica od tor\u00f3w w stron\u0119 Por\u0105b, Zapowied\u017a, G\u00f3ry i Podg\u00f3ry<\/strong><\/p>\n<p><strong>&#8211; 16 stycznia 2022 roku <\/strong>na godzin\u0119 11.00 rodziny z dzielnic<strong>: Sucha Wie\u015b, POM. Pekum, Porzecze, Zak\u0105cie, Frysztak, Cieplaki, Ogrody<\/strong><\/p>\n<p>W poniedzia\u0142ek o godz. 17.00 modlitwa przy relikwiach \u015bw. Jana Paw\u0142a II.<\/p>\n<p>We wtorek o godz. 17.00 Nabo\u017ce\u0144stwo do Bo\u017cego Mi\u0142osierdzia.<\/p>\n<p>W \u015brod\u0119 o godz. 17.00 Nowenna do Matki Bo\u017cej Nieustaj\u0105cej Pomocy.<\/p>\n","protected":false},"excerpt":{"rendered":"<p>Niedziela Chrztu Pa\u0144skiego Dzisiaj na Mszy \u015bw. o godz. 9.15 i 11.00 Kol\u0119dnicy misyjni przygotowani przez siostr\u0119 Klar\u0119 przedstawi\u0105 tegoroczny program kol\u0119dowy, a ofiary zbierane do puszki przeznaczone s\u0105 dla chorych dzieci w Kazachstanie, Uzbekistanie i Kirgistanie. Dzisiaj Niedziela Chrztu Chrystusa. Wraz z dzisiejsz\u0105 niedziel\u0105 ko\u0144czymy w liturgii Okres Bo\u017cego<span class=\"more-link\"><a href=\"https:\/\/parafiabesko.pl\/?p=9577\">Czytaj wi\u0119cej<\/a><\/span><\/p>\n","protected":false},"author":1,"featured_media":0,"comment_status":"closed","ping_status":"open","sticky":false,"template":"","format":"standard","meta":{"footnotes":""},"categories":[7],"tags":[],"class_list":["entry","author-adminparafiibesko","post-9577","post","type-post","status-publish","format-standard","category-ogloszenia-parafialne"],"_links":{"self":[{"href":"https:\/\/parafiabesko.pl\/index.php?rest_route=\/wp\/v2\/posts\/9577","targetHints":{"allow":["GET"]}}],"collection":[{"href":"https:\/\/parafiabesko.pl\/index.php?rest_route=\/wp\/v2\/posts"}],"about":[{"href":"https:\/\/parafiabesko.pl\/index.php?rest_route=\/wp\/v2\/types\/post"}],"author":[{"embeddable":true,"href":"https:\/\/parafiabesko.pl\/index.php?rest_route=\/wp\/v2\/users\/1"}],"replies":[{"embeddable":true,"href":"https:\/\/parafiabesko.pl\/index.php?rest_route=%2Fwp%2Fv2%2Fcomments&post=9577"}],"version-history":[{"count":0,"href":"https:\/\/parafiabesko.pl\/index.php?rest_route=\/wp\/v2\/posts\/9577\/revisions"}],"wp:attachment":[{"href":"https:\/\/parafiabesko.pl\/index.php?rest_route=%2Fwp%2Fv2%2Fmedia&parent=9577"}],"wp:term":[{"taxonomy":"category","embeddable":true,"href":"https:\/\/parafiabesko.pl\/index.php?rest_route=%2Fwp%2Fv2%2Fcategories&post=9577"},{"taxonomy":"post_tag","embeddable":true,"href":"https:\/\/parafiabesko.pl\/index.php?rest_route=%2Fwp%2Fv2%2Ftags&post=9577"}],"curies":[{"name":"wp","href":"https:\/\/api.w.org\/{rel}","templated":true}]}}