{"id":9573,"date":"2022-01-09T14:54:58","date_gmt":"2022-01-09T14:54:58","guid":{"rendered":"http:\/\/parafiabesko.pl\/?p=9573"},"modified":"2022-01-09T14:54:58","modified_gmt":"2022-01-09T14:54:58","slug":"intencje-mszalne-10-16-01-2022-r","status":"publish","type":"post","link":"https:\/\/parafiabesko.pl\/?p=9573","title":{"rendered":"Intencje mszalne 10-16.01.2022 r."},"content":{"rendered":"<table width=\"101%\">\n<tbody>\n<tr>\n<td rowspan=\"2\" width=\"32%\"><strong>Poniedzia\u0142ek<\/strong><\/p>\n<p>10.01.2022<\/td>\n<td width=\"11%\">7.00<\/td>\n<td width=\"55%\">+ Stanis\u0142aw\u0119 Banek of. s\u0105siedzi z ul. Lipowej<\/td>\n<\/tr>\n<tr>\n<td width=\"11%\">17.00<\/td>\n<td width=\"55%\">1. + Boles\u0142aw Kijowski of. c\u00f3rka Barbara<\/p>\n<p>2. + Krystyna Mroczkowska \/5 r. \u015bm.\/ i Stanis\u0142aw<\/td>\n<\/tr>\n<tr>\n<td rowspan=\"2\" width=\"32%\"><strong>Wtorek <\/strong><\/p>\n<p>11.01.2022<\/td>\n<td width=\"11%\">7.00<\/td>\n<td width=\"55%\">+ Ma\u0142gorzata Dziok of. m\u0105\u017c<\/td>\n<\/tr>\n<tr>\n<td width=\"11%\">17.00<\/td>\n<td width=\"55%\">1. + Domicela Ziemia\u0144ska of. synowa<\/p>\n<p>2. + J\u00f3zef Kielar of. s\u0105siedzi z ul. Poprzecznej<\/td>\n<\/tr>\n<tr>\n<td rowspan=\"2\" width=\"32%\"><strong>\u015aroda\u00a0 <\/strong><\/p>\n<p>12.01.2022<\/td>\n<td width=\"11%\">7.00<\/td>\n<td width=\"55%\">+\u00a0 Stanis\u0142aw\u0119 Banek of. s\u0105siedzi z ul. Nadrzecznej, Lipowej i Starowiejskiej<\/td>\n<\/tr>\n<tr>\n<td width=\"11%\">17.00<\/td>\n<td width=\"55%\">1. + Helena Mroczkowska of. syn Tomasz z rodzin\u0105<\/p>\n<p>2. + Beata Chyna\u0142 i zm. z rodziny<\/td>\n<\/tr>\n<tr>\n<td rowspan=\"2\" width=\"32%\"><strong>Czwartek <\/strong><\/p>\n<p>13.01.2022<\/p>\n<p>&nbsp;<\/td>\n<td width=\"11%\">7.00<\/td>\n<td width=\"55%\">+ Kazimier\u0119 Szybka of. s\u0105siedzi z ul. Nadrzecznej i Lipowej<\/td>\n<\/tr>\n<tr>\n<td width=\"11%\">17.00<\/td>\n<td width=\"55%\">1. + Walerian Wr\u00f3bel of. syn Dariusz z rodzin\u0105<\/p>\n<p>2. + Ma\u0142gorzata Dziok of. syn Mateusz z rodzin\u0105<\/td>\n<\/tr>\n<tr>\n<td rowspan=\"2\" width=\"32%\"><strong>Pi\u0105tek<\/strong><\/p>\n<p>14.01.2022<\/td>\n<td width=\"11%\">7.00<\/td>\n<td width=\"55%\">+ J\u00f3zef Kielar of. brat Grzegorz z rodzin\u0105<\/td>\n<\/tr>\n<tr>\n<td width=\"11%\">17.00<\/td>\n<td width=\"55%\">1. + Helena Mroczkowska of. syn Tadeusz z rodzin\u0105<\/p>\n<p>2. + Jacek \u015aliwka \/5 r. \u015bm.\/<\/td>\n<\/tr>\n<tr>\n<td rowspan=\"2\" width=\"32%\"><strong>Sobota <\/strong><\/p>\n<p>15.01.2022<\/td>\n<td width=\"11%\">7.00<\/td>\n<td width=\"55%\">+ Walerian Wr\u00f3bel of. brat Boles\u0142aw<\/td>\n<\/tr>\n<tr>\n<td width=\"11%\">17.00<\/td>\n<td width=\"55%\">1. +\u00a0 Domicela Ziemia\u0144ska of. Zak\u0142ad Pogrzebowy \u015awiat\u0142o<\/p>\n<p>2. +\u00a0 Rozalia, Grzegorz<\/td>\n<\/tr>\n<tr>\n<td rowspan=\"4\" width=\"32%\"><strong>NIEDZIELA <\/strong><\/p>\n<p>16.01.2022<\/td>\n<td width=\"11%\">7.30<\/td>\n<td width=\"55%\">+ Emilia De\u0144ko \/7 r. \u015bm.\/<\/td>\n<\/tr>\n<tr>\n<td width=\"11%\">9.15<\/td>\n<td width=\"55%\">&#8211; o \u0142ask\u0119 zdrowia<\/td>\n<\/tr>\n<tr>\n<td width=\"11%\">11.00<\/td>\n<td width=\"55%\"><strong>\u00a0 Za Parafian<\/strong><\/td>\n<\/tr>\n<tr>\n<td width=\"11%\">16.30<\/td>\n<td width=\"55%\">+ Edward Oberc i zm. rodzice<\/td>\n<\/tr>\n<\/tbody>\n<\/table>\n","protected":false},"excerpt":{"rendered":"<p>Poniedzia\u0142ek 10.01.2022 7.00 + Stanis\u0142aw\u0119 Banek of. s\u0105siedzi z ul. Lipowej 17.00 1. + Boles\u0142aw Kijowski of. c\u00f3rka Barbara 2. + Krystyna Mroczkowska \/5 r. \u015bm.\/ i Stanis\u0142aw Wtorek 11.01.2022 7.00 + Ma\u0142gorzata Dziok of. m\u0105\u017c 17.00 1. + Domicela Ziemia\u0144ska of. synowa 2. + J\u00f3zef Kielar of. s\u0105siedzi z<span class=\"more-link\"><a href=\"https:\/\/parafiabesko.pl\/?p=9573\">Czytaj wi\u0119cej<\/a><\/span><\/p>\n","protected":false},"author":1,"featured_media":0,"comment_status":"closed","ping_status":"open","sticky":false,"template":"","format":"standard","meta":{"footnotes":""},"categories":[4],"tags":[],"class_list":["entry","author-adminparafiibesko","post-9573","post","type-post","status-publish","format-standard","category-intencje-mszalne"],"_links":{"self":[{"href":"https:\/\/parafiabesko.pl\/index.php?rest_route=\/wp\/v2\/posts\/9573","targetHints":{"allow":["GET"]}}],"collection":[{"href":"https:\/\/parafiabesko.pl\/index.php?rest_route=\/wp\/v2\/posts"}],"about":[{"href":"https:\/\/parafiabesko.pl\/index.php?rest_route=\/wp\/v2\/types\/post"}],"author":[{"embeddable":true,"href":"https:\/\/parafiabesko.pl\/index.php?rest_route=\/wp\/v2\/users\/1"}],"replies":[{"embeddable":true,"href":"https:\/\/parafiabesko.pl\/index.php?rest_route=%2Fwp%2Fv2%2Fcomments&post=9573"}],"version-history":[{"count":0,"href":"https:\/\/parafiabesko.pl\/index.php?rest_route=\/wp\/v2\/posts\/9573\/revisions"}],"wp:attachment":[{"href":"https:\/\/parafiabesko.pl\/index.php?rest_route=%2Fwp%2Fv2%2Fmedia&parent=9573"}],"wp:term":[{"taxonomy":"category","embeddable":true,"href":"https:\/\/parafiabesko.pl\/index.php?rest_route=%2Fwp%2Fv2%2Fcategories&post=9573"},{"taxonomy":"post_tag","embeddable":true,"href":"https:\/\/parafiabesko.pl\/index.php?rest_route=%2Fwp%2Fv2%2Ftags&post=9573"}],"curies":[{"name":"wp","href":"https:\/\/api.w.org\/{rel}","templated":true}]}}