{"id":9566,"date":"2022-01-01T22:15:47","date_gmt":"2022-01-01T22:15:47","guid":{"rendered":"http:\/\/parafiabesko.pl\/?p=9566"},"modified":"2022-01-01T22:15:47","modified_gmt":"2022-01-01T22:15:47","slug":"ogloszenia-parafialne-2-01-2022-r","status":"publish","type":"post","link":"https:\/\/parafiabesko.pl\/?p=9566","title":{"rendered":"Og\u0142oszenia parafialne 2.01.2022 r."},"content":{"rendered":"<p><strong>II Niedziela po Narodzeniu Pa\u0144skim<\/strong><\/p>\n<p><strong>2.01.2022 r.<\/strong><\/p>\n<p><strong>\u00a0<\/strong>Dzisiaj Niedziela Adoracyjna od godziny 12.00 do 16.00 prywatna adoracja rodzin naszej Parafii. O godz. 16.00 Nabo\u017ce\u0144stwo r\u00f3\u017ca\u0144cowe i zmiana tajemnic, adoruje r\u00f3\u017ca \u015bw. Marty prze\u0142o\u017cona Maria Szyndler.<\/p>\n<p>Kol\u0119da w ko\u015bciele w Besku &#8211; I tak do ko\u015bcio\u0142a zapraszamy rodziny z dzielnic na:<\/p>\n<p><strong>&#8211;\u00a0 Dzisiaj 2 stycznia 2022 roku<\/strong> na godzin\u0119 11.00 rodziny z dzielnic: <strong>Wola, Hrabe\u0144. Wie\u015b i rodziny do tor\u00f3w i do Wis\u0142oka<\/strong><\/p>\n<p><strong>&#8211; 9 stycznia 2022 roku<\/strong> na godzin\u0119 11.00 rodziny z dzielnic: <strong>dzielnica od tor\u00f3w w stron\u0119 Por\u0105b, Zapowied\u017a, G\u00f3ry i Podg\u00f3ry<\/strong><\/p>\n<p><strong>&#8211; 16 stycznia 2022 roku <\/strong>na godzin\u0119 11.00 rodziny z dzielnic<strong>: Sucha Wie\u015b, POM Pekum, Porzecze, Zak\u0105cie, Frysztak, Cieplaki, Ogrody<\/strong><\/p>\n<p>Taca z dzisiejszej niedzieli przeznaczona Seminarium Duchowne w Przemy\u015blu.<\/p>\n<p>W poniedzia\u0142ek o godz. 17.00 modlitwa przy relikwiach \u015bw. Jana Paw\u0142a II.<\/p>\n<p>We wtorek o godz. 17.00 Nabo\u017ce\u0144stwo do Bo\u017cego Mi\u0142osierdzia.<\/p>\n<p>W \u015brod\u0119 o godz.17.00 Nowenna do MB Nieustaj\u0105cej Pomocy.<\/p>\n<p>W czwartek 6 stycznia \u2013 <strong>Uroczysto\u015b\u0107 Objawienia Pa\u0144skiego \u2013 Trzech Kr\u00f3li.<\/strong> B\u0142ogos\u0142awie\u0144stwo kredy i kadzid\u0142a na wszystkich Mszach \u015bwi\u0119tych w Besku.<\/p>\n<p>Porz\u0105dek Mszy \u015bwi\u0119tych w Besku: rano 7.30, suma o godzinie 10.00 i <strong>po po\u0142udniu o godzinie 15.00 bez Nieszpor\u00f3w<\/strong>. W ko\u015bcio\u0142ach filialnych Msze \u015bw. b\u0119d\u0105 odprawiane z po\u015bwi\u0119ceniem kredy i kadzid\u0142a: w Mymoniu o godz. 8.30\u00a0\u00a0 \u00a0i w Por\u0119bach o godz. 10.00.<\/p>\n<p>Ofiary z\u0142o\u017cone na tac\u0119 w dniu Trzech Kr\u00f3li przeznaczone s\u0105 na Misje \u015bwi\u0119te.<\/p>\n<p>Pierwszy pi\u0105tek miesi\u0105ca o godz. 7.00 Msza \u015bw. i adoracja, adoruje r\u00f3\u017ca \u015bw. siostry Faustyny prze\u0142o\u017cona Maria Mroczkowska. Wieczorem o 17.00 Msza \u015bw. i adoracja. W ko\u015bcio\u0142ach filialnych w Mymoniu i Por\u0119bach o godz. 15.00: adoracja, spowied\u017a i Msza \u015bw. Chorych w Besku w tym miesi\u0105cu nie b\u0119dziemy odwiedza\u0107.<\/p>\n<p>W sobot\u0119 po Mszy \u015bw. wieczorowej koncert kol\u0119d przygotowany przez schol\u0119 parafialn\u0105. Zapraszamy.<\/p>\n<p>Za tydzie\u0144 w niedziel\u0119 Chrztu Pa\u0144skiego ko\u0144czy si\u0119 czas Bo\u017cego Narodzenia.<\/p>\n<p>W przysz\u0142\u0105 niedziel\u0119 na Mszy \u015bw. o godz. 9.15\u00a0 i 11.00 Program kol\u0119dnik\u00f3w misyjnych. Ofiary zbierane po Mszy \u015bw. przeznaczone na misje \u015bwi\u0119te.<\/p>\n<p>Pod ch\u00f3rem wy\u0142o\u017cona jest w woreczkach kreda i kadzid\u0142o na po\u015bwi\u0119cenie na Trzech Kr\u00f3li, ofiary sk\u0142adane do puszki przy nabywaniu przeznaczone s\u0105 na dalsze prace w salkach katechetycznych.<\/p>\n","protected":false},"excerpt":{"rendered":"<p>II Niedziela po Narodzeniu Pa\u0144skim 2.01.2022 r. \u00a0Dzisiaj Niedziela Adoracyjna od godziny 12.00 do 16.00 prywatna adoracja rodzin naszej Parafii. O godz. 16.00 Nabo\u017ce\u0144stwo r\u00f3\u017ca\u0144cowe i zmiana tajemnic, adoruje r\u00f3\u017ca \u015bw. Marty prze\u0142o\u017cona Maria Szyndler. Kol\u0119da w ko\u015bciele w Besku &#8211; I tak do ko\u015bcio\u0142a zapraszamy rodziny z dzielnic na:<span class=\"more-link\"><a href=\"https:\/\/parafiabesko.pl\/?p=9566\">Czytaj wi\u0119cej<\/a><\/span><\/p>\n","protected":false},"author":1,"featured_media":0,"comment_status":"closed","ping_status":"open","sticky":false,"template":"","format":"standard","meta":{"footnotes":""},"categories":[7],"tags":[],"class_list":["entry","author-adminparafiibesko","post-9566","post","type-post","status-publish","format-standard","category-ogloszenia-parafialne"],"_links":{"self":[{"href":"https:\/\/parafiabesko.pl\/index.php?rest_route=\/wp\/v2\/posts\/9566","targetHints":{"allow":["GET"]}}],"collection":[{"href":"https:\/\/parafiabesko.pl\/index.php?rest_route=\/wp\/v2\/posts"}],"about":[{"href":"https:\/\/parafiabesko.pl\/index.php?rest_route=\/wp\/v2\/types\/post"}],"author":[{"embeddable":true,"href":"https:\/\/parafiabesko.pl\/index.php?rest_route=\/wp\/v2\/users\/1"}],"replies":[{"embeddable":true,"href":"https:\/\/parafiabesko.pl\/index.php?rest_route=%2Fwp%2Fv2%2Fcomments&post=9566"}],"version-history":[{"count":0,"href":"https:\/\/parafiabesko.pl\/index.php?rest_route=\/wp\/v2\/posts\/9566\/revisions"}],"wp:attachment":[{"href":"https:\/\/parafiabesko.pl\/index.php?rest_route=%2Fwp%2Fv2%2Fmedia&parent=9566"}],"wp:term":[{"taxonomy":"category","embeddable":true,"href":"https:\/\/parafiabesko.pl\/index.php?rest_route=%2Fwp%2Fv2%2Fcategories&post=9566"},{"taxonomy":"post_tag","embeddable":true,"href":"https:\/\/parafiabesko.pl\/index.php?rest_route=%2Fwp%2Fv2%2Ftags&post=9566"}],"curies":[{"name":"wp","href":"https:\/\/api.w.org\/{rel}","templated":true}]}}