{"id":9562,"date":"2022-01-01T22:03:59","date_gmt":"2022-01-01T22:03:59","guid":{"rendered":"http:\/\/parafiabesko.pl\/?p=9562"},"modified":"2022-01-01T22:03:59","modified_gmt":"2022-01-01T22:03:59","slug":"intencje-mszalne-3-9-01-2022-r","status":"publish","type":"post","link":"https:\/\/parafiabesko.pl\/?p=9562","title":{"rendered":"Intencje mszalne 3-9.01.2022 r."},"content":{"rendered":"<table width=\"101%\">\n<tbody>\n<tr>\n<td rowspan=\"2\" width=\"32%\"><strong>Poniedzia\u0142ek<\/strong><\/p>\n<p>03.01.2022<\/td>\n<td width=\"11%\">7.00<\/p>\n<p>&nbsp;<\/td>\n<td width=\"55%\">+ Tomasz Hajduk of. OSP w Besku<\/td>\n<\/tr>\n<tr>\n<td width=\"11%\">17.00<\/td>\n<td width=\"55%\">1. + Krzysztof Such of. pracownicy SUCH-MED.<\/p>\n<p>2. + Janina Szybka of. syn W\u0142adys\u0142aw z rodzin\u0105<\/td>\n<\/tr>\n<tr>\n<td rowspan=\"2\" width=\"32%\"><strong>Wtorek <\/strong><\/p>\n<p>04.01.2022<\/td>\n<td width=\"11%\">7.00<\/td>\n<td width=\"55%\">+ Maria Filipowicz of. c\u00f3rka Jolanta z m\u0119\u017cem<\/td>\n<\/tr>\n<tr>\n<td width=\"11%\">17.00<\/td>\n<td width=\"55%\">1. + Helena Mroczkowska of. m\u0105\u017c<\/p>\n<p>2. + Krystyna Kordasiewicz of. brat Tadeusz z rodzin\u0105<\/td>\n<\/tr>\n<tr>\n<td rowspan=\"2\" width=\"32%\"><strong>\u015aroda\u00a0 <\/strong><\/p>\n<p>05.01.2021<\/td>\n<td width=\"11%\">7.00<\/td>\n<td width=\"55%\">+ Domicela Ziemia\u0144ska of. s\u0105siedzi z ul. Zielonej<\/td>\n<\/tr>\n<tr>\n<td width=\"11%\">17.00<\/td>\n<td width=\"55%\">1. + Albin Rajchel of. c\u00f3rka Barbara z m\u0119\u017cem<\/p>\n<p>2. + Stanis\u0142aw Stapi\u0144ski of. syn Adam z rodzin\u0105<\/td>\n<\/tr>\n<tr>\n<td rowspan=\"2\" width=\"32%\"><strong>Czwartek <\/strong><\/p>\n<p>06.01.2022<\/p>\n<p><strong>TRZECH<\/strong><\/p>\n<p><strong>KR\u00d3LI<\/strong><\/td>\n<td width=\"11%\"><\/td>\n<td width=\"55%\"><strong>OBJAWIENIE PA\u0143SKIE<\/strong><\/td>\n<\/tr>\n<tr>\n<td width=\"11%\"><strong>\u00a0 7.30<\/strong><\/p>\n<p><strong>10.00<\/strong><\/p>\n<p><strong>15.00<\/strong><\/td>\n<td width=\"55%\">+ Sebastian S\u0105siadek of. tato<\/p>\n<p>+ Dominika Kwiatkowska of. syn<\/p>\n<p>+ Maria Mermer of. siostra Irena<\/td>\n<\/tr>\n<tr>\n<td rowspan=\"2\" width=\"32%\"><strong>Pi\u0105tek<\/strong><\/p>\n<p>07.01.2022<\/td>\n<td width=\"11%\">7.00<\/td>\n<td width=\"55%\">+ Domicela Ziemia\u0144ska of. brat z rodzin\u0105<\/td>\n<\/tr>\n<tr>\n<td width=\"11%\">17.00<\/td>\n<td width=\"55%\">+ Maria, J\u00f3zef Mermer of. siostra Irena<\/td>\n<\/tr>\n<tr>\n<td rowspan=\"2\" width=\"32%\"><strong>Sobota <\/strong><\/p>\n<p>08.01.2022<\/td>\n<td width=\"11%\">7.00<\/td>\n<td width=\"55%\">+ J\u00f3zef Kielar of. siostra Biernatka z rodzin\u0105<\/td>\n<\/tr>\n<tr>\n<td width=\"11%\">17.00<\/td>\n<td width=\"55%\">1. +\u00a0 Maria, Jan Winiarski i zm. z rodziny<\/p>\n<p>2. + Maria Kasperowicz of. syn Maciej z rodzin\u0105<\/td>\n<\/tr>\n<tr>\n<td rowspan=\"4\" width=\"32%\"><strong>2 NIEDZIELA <\/strong><\/p>\n<p><strong>po Narodzeniu Pa\u0144skim<\/strong><\/p>\n<p><strong>\u00a0<\/strong><\/p>\n<p>09.01.2022<\/td>\n<td width=\"11%\">7.30<\/td>\n<td width=\"55%\">+ Leon Leszczy\u0144ski \/14 r. \u015bm.\/<\/td>\n<\/tr>\n<tr>\n<td width=\"11%\">9.15<\/td>\n<td width=\"55%\">+ Helena Mroczkowska of. s\u0105siedzi z ul. Nadrzecznej<\/td>\n<\/tr>\n<tr>\n<td width=\"11%\">11.00<\/td>\n<td width=\"55%\"><strong>Za Parafian<\/strong><\/td>\n<\/tr>\n<tr>\n<td width=\"11%\">16.30<\/td>\n<td width=\"55%\">+ Ma\u0142gorzata Marsza\u0142ek \/4 r. \u015bm.\/<\/td>\n<\/tr>\n<\/tbody>\n<\/table>\n","protected":false},"excerpt":{"rendered":"<p>Poniedzia\u0142ek 03.01.2022 7.00 &nbsp; + Tomasz Hajduk of. OSP w Besku 17.00 1. + Krzysztof Such of. pracownicy SUCH-MED. 2. + Janina Szybka of. syn W\u0142adys\u0142aw z rodzin\u0105 Wtorek 04.01.2022 7.00 + Maria Filipowicz of. c\u00f3rka Jolanta z m\u0119\u017cem 17.00 1. + Helena Mroczkowska of. m\u0105\u017c 2. + Krystyna Kordasiewicz<span class=\"more-link\"><a href=\"https:\/\/parafiabesko.pl\/?p=9562\">Czytaj wi\u0119cej<\/a><\/span><\/p>\n","protected":false},"author":1,"featured_media":0,"comment_status":"closed","ping_status":"open","sticky":false,"template":"","format":"standard","meta":{"footnotes":""},"categories":[4],"tags":[],"class_list":["entry","author-adminparafiibesko","post-9562","post","type-post","status-publish","format-standard","category-intencje-mszalne"],"_links":{"self":[{"href":"https:\/\/parafiabesko.pl\/index.php?rest_route=\/wp\/v2\/posts\/9562","targetHints":{"allow":["GET"]}}],"collection":[{"href":"https:\/\/parafiabesko.pl\/index.php?rest_route=\/wp\/v2\/posts"}],"about":[{"href":"https:\/\/parafiabesko.pl\/index.php?rest_route=\/wp\/v2\/types\/post"}],"author":[{"embeddable":true,"href":"https:\/\/parafiabesko.pl\/index.php?rest_route=\/wp\/v2\/users\/1"}],"replies":[{"embeddable":true,"href":"https:\/\/parafiabesko.pl\/index.php?rest_route=%2Fwp%2Fv2%2Fcomments&post=9562"}],"version-history":[{"count":0,"href":"https:\/\/parafiabesko.pl\/index.php?rest_route=\/wp\/v2\/posts\/9562\/revisions"}],"wp:attachment":[{"href":"https:\/\/parafiabesko.pl\/index.php?rest_route=%2Fwp%2Fv2%2Fmedia&parent=9562"}],"wp:term":[{"taxonomy":"category","embeddable":true,"href":"https:\/\/parafiabesko.pl\/index.php?rest_route=%2Fwp%2Fv2%2Fcategories&post=9562"},{"taxonomy":"post_tag","embeddable":true,"href":"https:\/\/parafiabesko.pl\/index.php?rest_route=%2Fwp%2Fv2%2Ftags&post=9562"}],"curies":[{"name":"wp","href":"https:\/\/api.w.org\/{rel}","templated":true}]}}