{"id":9555,"date":"2021-12-26T20:37:24","date_gmt":"2021-12-26T20:37:24","guid":{"rendered":"http:\/\/parafiabesko.pl\/?p=9555"},"modified":"2021-12-26T20:37:24","modified_gmt":"2021-12-26T20:37:24","slug":"ogloszenia-parafialne-26-12-2021-r","status":"publish","type":"post","link":"https:\/\/parafiabesko.pl\/?p=9555","title":{"rendered":"Og\u0142oszenia parafialne 26.12.2021 r"},"content":{"rendered":"<p>\u015awi\u0119to \u015awi\u0119tej Rodziny<\/p>\n<p>W poniedzia\u0142ek <strong>\u015bwi\u0119to \u015bw. Jana, aposto\u0142a i ewangelisty<\/strong> o godz. 17.00 modlitwa przy relikwiach \u015bw. Jana Paw\u0142a II.<\/p>\n<p>We wtorek <strong>\u015bwi\u0119to \u015bw. M\u0142odziank\u00f3w m\u0119czennik\u00f3w<\/strong> o godz. 17.00 Nabo\u017ce\u0144stwo do Bo\u017cego Mi\u0142osierdzia.<\/p>\n<p>We \u015brod\u0119 o godz. 17.00 Nowenna do Matki Bo\u017cej Nieustaj\u0105cej Pomocy.<\/p>\n<p><strong>We pi\u0105tek 31 grudnia Nabo\u017ce\u0144stwo dzi\u0119kczynno-przeb\u0142agalne na zako\u0144czenie Starego Roku w Besku, Mymoniu i w Por\u0119bach o godz.16.00. <\/strong><\/p>\n<p><strong>\u00a0\u00a0 W ostatni dzie\u0144 roku, tj.\u00a0w pi\u0105tek, 31\u00a0grudnia 2021 r., na terenie Archidiecezji Przemyskiej, nie obowi\u0105zuje wstrzemi\u0119\u017aliwo\u015b\u0107 od pokarm\u00f3w mi\u0119snych. Dyspensy udzieli\u0142 Metropolita Przemyski, abp Adam Szal, kt\u00f3ry jednocze\u015bnie zobowi\u0105zuje korzystaj\u0105cych z dyspensy do z\u0142o\u017cenia ofiary na misje.<\/strong><\/p>\n<p>W sobot\u0119 <strong>1 stycznia 2022 &#8211; Nowy Rok &#8211;\u00a0 Uroczysto\u015b\u0107 Bo\u017cej Rodzicielki Maryi <\/strong>dzie\u0144 modlitw o pok\u00f3j na \u015bwiecie. Porz\u0105dek Mszy \u015bwi\u0119tych \u2013 w Besku: 7.30, 9.15, suma o 11.00\u00a0\u00a0\u00a0 \u00a0i po po\u0142udniu o 16.00 bez Nieszpor\u00f3w. W Mymoniu 8.30, w Por\u0119bach o 10.00.<\/p>\n<p>W przysz\u0142\u0105 niedziel\u0119 <strong>Niedziela Adoracyjna<\/strong> \u2013 od godz. 12.00 do 16.00 prywatna adoracja rodzin naszej Parafii. O godzinie 16.00 Nabo\u017ce\u0144stwo r\u00f3\u017ca\u0144cowe i zmiana tajemnic, adoruje r\u00f3\u017ca \u015bw. Marty prze\u0142o\u017cona Maria Szyndler.<\/p>\n<p>Za udekorowanie naszej \u015bwi\u0105tyni na \u015bwi\u0119ta \u2013 dzi\u0119kujemy: panu ko\u015bcielnemu, J\u00f3zefowi Winiarskiemu, Marcinowi Semenowiczowi, siostrom zakonnym, pracownikom Zak\u0142adowi Gospodarki Komunalnej w Besku, GOK w Besku &#8211; a ministrantom, lektorom, scholi, orkiestrze OSP w Besku, panu organi\u015bcie za przygotowanie liturgii na \u015bwi\u0119ta. B\u00f3g zap\u0142a\u0107! S\u0142owa wdzi\u0119czno\u015bci kierujemy do parafianek, kt\u00f3re na szyde\u0142ku przygotowa\u0142y ozdoby choinkowe w takiej ilo\u015bci \u017ce ozdobiono nimi jedn\u0105 choink\u0119. B\u00f3g zap\u0142a\u0107!<\/p>\n<p>Pod ch\u00f3rem wy\u0142o\u017cona jest w woreczkach kreda i kadzid\u0142o na po\u015bwi\u0119cenie na Trzech Kr\u00f3li, ofiary sk\u0142adane do puszki przy nabywaniu przeznaczone s\u0105 na dalsze prace w salkach katechetycznych. Ofiary dobrowolne.<\/p>\n","protected":false},"excerpt":{"rendered":"<p>\u015awi\u0119to \u015awi\u0119tej Rodziny W poniedzia\u0142ek \u015bwi\u0119to \u015bw. Jana, aposto\u0142a i ewangelisty o godz. 17.00 modlitwa przy relikwiach \u015bw. Jana Paw\u0142a II. We wtorek \u015bwi\u0119to \u015bw. M\u0142odziank\u00f3w m\u0119czennik\u00f3w o godz. 17.00 Nabo\u017ce\u0144stwo do Bo\u017cego Mi\u0142osierdzia. We \u015brod\u0119 o godz. 17.00 Nowenna do Matki Bo\u017cej Nieustaj\u0105cej Pomocy. We pi\u0105tek 31 grudnia Nabo\u017ce\u0144stwo<span class=\"more-link\"><a href=\"https:\/\/parafiabesko.pl\/?p=9555\">Czytaj wi\u0119cej<\/a><\/span><\/p>\n","protected":false},"author":1,"featured_media":0,"comment_status":"closed","ping_status":"open","sticky":false,"template":"","format":"standard","meta":{"footnotes":""},"categories":[7],"tags":[],"class_list":["entry","author-adminparafiibesko","post-9555","post","type-post","status-publish","format-standard","category-ogloszenia-parafialne"],"_links":{"self":[{"href":"https:\/\/parafiabesko.pl\/index.php?rest_route=\/wp\/v2\/posts\/9555","targetHints":{"allow":["GET"]}}],"collection":[{"href":"https:\/\/parafiabesko.pl\/index.php?rest_route=\/wp\/v2\/posts"}],"about":[{"href":"https:\/\/parafiabesko.pl\/index.php?rest_route=\/wp\/v2\/types\/post"}],"author":[{"embeddable":true,"href":"https:\/\/parafiabesko.pl\/index.php?rest_route=\/wp\/v2\/users\/1"}],"replies":[{"embeddable":true,"href":"https:\/\/parafiabesko.pl\/index.php?rest_route=%2Fwp%2Fv2%2Fcomments&post=9555"}],"version-history":[{"count":0,"href":"https:\/\/parafiabesko.pl\/index.php?rest_route=\/wp\/v2\/posts\/9555\/revisions"}],"wp:attachment":[{"href":"https:\/\/parafiabesko.pl\/index.php?rest_route=%2Fwp%2Fv2%2Fmedia&parent=9555"}],"wp:term":[{"taxonomy":"category","embeddable":true,"href":"https:\/\/parafiabesko.pl\/index.php?rest_route=%2Fwp%2Fv2%2Fcategories&post=9555"},{"taxonomy":"post_tag","embeddable":true,"href":"https:\/\/parafiabesko.pl\/index.php?rest_route=%2Fwp%2Fv2%2Ftags&post=9555"}],"curies":[{"name":"wp","href":"https:\/\/api.w.org\/{rel}","templated":true}]}}