{"id":9551,"date":"2021-12-26T20:31:29","date_gmt":"2021-12-26T20:31:29","guid":{"rendered":"http:\/\/parafiabesko.pl\/?p=9551"},"modified":"2021-12-26T20:31:29","modified_gmt":"2021-12-26T20:31:29","slug":"intencje-mszalne-26-12-2021-r-2-01-2022-r","status":"publish","type":"post","link":"https:\/\/parafiabesko.pl\/?p=9551","title":{"rendered":"Intencje mszalne 26.12.2021 r.-2.01.2022 r."},"content":{"rendered":"<table width=\"101%\">\n<tbody>\n<tr>\n<td colspan=\"3\" width=\"100%\"><\/td>\n<\/tr>\n<tr>\n<td rowspan=\"2\" width=\"32%\"><strong>Poniedzia\u0142ek<\/strong><\/p>\n<p>27.12.2021<\/td>\n<td width=\"11%\">7.00<\/p>\n<p>&nbsp;<\/td>\n<td width=\"55%\">+ Zofia Sza\u0142ankiewicz of. r\u00f3\u017ca \u015bw. Anny<\/td>\n<\/tr>\n<tr>\n<td width=\"11%\">17.00<\/td>\n<td width=\"55%\">1. +W\u0142adys\u0142aw \/14 r. \u015bm. i Maria Kolanko<\/p>\n<p>2. \u2013 o Bo\u017c\u0105 opiek\u0119 cz\u0142onk\u00f3w Krucjaty Wyzwolenia Cz\u0142owieka<\/td>\n<\/tr>\n<tr>\n<td rowspan=\"2\" width=\"32%\"><strong>Wtorek <\/strong><\/p>\n<p>28.12.2021<\/td>\n<td width=\"11%\">7.00<\/td>\n<td width=\"55%\">+ Maria, Jan Kortyna<\/td>\n<\/tr>\n<tr>\n<td width=\"11%\">17.00<\/td>\n<td width=\"55%\">1. + Rozalia, Bronis\u0142aw Suwa\u0142a i Maria, Stanis\u0142aw Kielar i zm. z rodziny<\/p>\n<p>2. + Anna, W\u0142adys\u0142aw, Marian Jasi\u0144scy<\/td>\n<\/tr>\n<tr>\n<td rowspan=\"2\" width=\"32%\"><strong>\u015aroda\u00a0 <\/strong><\/p>\n<p>29.12.2021<\/td>\n<td width=\"11%\">7.00<\/td>\n<td width=\"55%\">+ Stanis\u0142awa Banek of. synowie<\/td>\n<\/tr>\n<tr>\n<td width=\"11%\">17.00<\/td>\n<td width=\"55%\">1. +Ignacy \/24 r. \u015bm.\/ i Maria Kmak<\/p>\n<p>2. + Weronika, Micha\u0142, Marian<\/td>\n<\/tr>\n<tr>\n<td rowspan=\"2\" width=\"32%\"><strong>Czwartek <\/strong><\/p>\n<p>30.12.2021<\/td>\n<td width=\"11%\">7.00<\/td>\n<td width=\"55%\">+ J\u00f3zef Kielar of. Kr\u0105g Domowego Ko\u015bcio\u0142a<\/td>\n<\/tr>\n<tr>\n<td width=\"11%\">17.00<\/td>\n<td width=\"55%\">1. + Jan Kasperkowicz \/11 r. \u015bm.\/<\/p>\n<p>2. + Kazimiera Szybka of. syn Stanis\u0142aw z \u017con\u0105<\/td>\n<\/tr>\n<tr>\n<td rowspan=\"2\" width=\"32%\"><strong>Pi\u0105tek<\/strong><\/p>\n<p>31.12.2021<\/td>\n<td width=\"11%\">7.00<\/td>\n<td width=\"55%\">+ Maria, J\u00f3zef Roman<\/td>\n<\/tr>\n<tr>\n<td width=\"11%\"><strong>16.00<\/strong><\/td>\n<td width=\"55%\"><strong>&#8211; Dzi\u0119kczynna na zako\u0144czenie Starego Roku<\/strong><\/td>\n<\/tr>\n<tr>\n<td rowspan=\"2\" width=\"32%\"><strong>\u00a0<\/strong><\/p>\n<p><strong>Sobota<\/strong><\/p>\n<p><strong>Nowy<\/strong><\/p>\n<p><strong>Rok <\/strong><\/p>\n<p>1.01.2022<\/p>\n<p>&nbsp;<\/td>\n<td width=\"11%\"><\/td>\n<td width=\"55%\"><strong>\u00a0\u00a0\u00a0\u00a0\u00a0\u00a0\u00a0\u00a0\u00a0\u00a0\u00a0\u00a0\u00a0\u00a0\u00a0 Rok Pa\u0144ski 2022<\/strong><\/td>\n<\/tr>\n<tr>\n<td width=\"11%\"><\/td>\n<td width=\"55%\"><strong>7.30<\/strong> + Genowefa, Micha\u0142 Pola\u0144scy<\/p>\n<p><strong>9.15<\/strong> + Andrzej Bajger of. Wsp\u00f3lnota Matki S\u0142owa<\/p>\n<p><strong>11.00<\/strong> \u2013 Za Parafian<\/p>\n<p><strong>16.00<\/strong> + Jerzy Stapi\u0144ski \/7 r. \u015bm.\/ of. \u017cona z dzie\u0107mi<\/td>\n<\/tr>\n<tr>\n<td rowspan=\"4\" width=\"32%\"><strong>NIEDZIELA <\/strong><\/p>\n<p>2.12.2022<\/td>\n<td width=\"11%\">\u00a07.30<\/td>\n<td width=\"55%\">+ Krystyna P\u0142atek of. m\u0105\u017c z dzie\u0107mi<\/td>\n<\/tr>\n<tr>\n<td width=\"11%\">\u00a09.15<\/td>\n<td width=\"55%\">+ Kazimiera Szybka<\/td>\n<\/tr>\n<tr>\n<td width=\"11%\">11.00<\/td>\n<td width=\"55%\"><strong>\u00a0 Za Parafian<\/strong><\/td>\n<\/tr>\n<tr>\n<td width=\"11%\">16.30<\/td>\n<td width=\"55%\">+ Irena, W\u0142adys\u0142aw Krupianik<\/td>\n<\/tr>\n<\/tbody>\n<\/table>\n","protected":false},"excerpt":{"rendered":"<p>Poniedzia\u0142ek 27.12.2021 7.00 &nbsp; + Zofia Sza\u0142ankiewicz of. r\u00f3\u017ca \u015bw. Anny 17.00 1. +W\u0142adys\u0142aw \/14 r. \u015bm. i Maria Kolanko 2. \u2013 o Bo\u017c\u0105 opiek\u0119 cz\u0142onk\u00f3w Krucjaty Wyzwolenia Cz\u0142owieka Wtorek 28.12.2021 7.00 + Maria, Jan Kortyna 17.00 1. + Rozalia, Bronis\u0142aw Suwa\u0142a i Maria, Stanis\u0142aw Kielar i zm. z rodziny<span class=\"more-link\"><a href=\"https:\/\/parafiabesko.pl\/?p=9551\">Czytaj wi\u0119cej<\/a><\/span><\/p>\n","protected":false},"author":1,"featured_media":0,"comment_status":"closed","ping_status":"open","sticky":false,"template":"","format":"standard","meta":{"footnotes":""},"categories":[4],"tags":[],"class_list":["entry","author-adminparafiibesko","post-9551","post","type-post","status-publish","format-standard","category-intencje-mszalne"],"_links":{"self":[{"href":"https:\/\/parafiabesko.pl\/index.php?rest_route=\/wp\/v2\/posts\/9551","targetHints":{"allow":["GET"]}}],"collection":[{"href":"https:\/\/parafiabesko.pl\/index.php?rest_route=\/wp\/v2\/posts"}],"about":[{"href":"https:\/\/parafiabesko.pl\/index.php?rest_route=\/wp\/v2\/types\/post"}],"author":[{"embeddable":true,"href":"https:\/\/parafiabesko.pl\/index.php?rest_route=\/wp\/v2\/users\/1"}],"replies":[{"embeddable":true,"href":"https:\/\/parafiabesko.pl\/index.php?rest_route=%2Fwp%2Fv2%2Fcomments&post=9551"}],"version-history":[{"count":0,"href":"https:\/\/parafiabesko.pl\/index.php?rest_route=\/wp\/v2\/posts\/9551\/revisions"}],"wp:attachment":[{"href":"https:\/\/parafiabesko.pl\/index.php?rest_route=%2Fwp%2Fv2%2Fmedia&parent=9551"}],"wp:term":[{"taxonomy":"category","embeddable":true,"href":"https:\/\/parafiabesko.pl\/index.php?rest_route=%2Fwp%2Fv2%2Fcategories&post=9551"},{"taxonomy":"post_tag","embeddable":true,"href":"https:\/\/parafiabesko.pl\/index.php?rest_route=%2Fwp%2Fv2%2Ftags&post=9551"}],"curies":[{"name":"wp","href":"https:\/\/api.w.org\/{rel}","templated":true}]}}