{"id":9548,"date":"2021-12-19T18:28:46","date_gmt":"2021-12-19T18:28:46","guid":{"rendered":"http:\/\/parafiabesko.pl\/?p=9548"},"modified":"2021-12-19T18:28:46","modified_gmt":"2021-12-19T18:28:46","slug":"ogloszenia-parafialne-19-12-2021-r","status":"publish","type":"post","link":"https:\/\/parafiabesko.pl\/?p=9548","title":{"rendered":"Og\u0142oszenia parafialne 19.12.2021 r."},"content":{"rendered":"<p><strong>IV Niedziela Adwentu<\/strong><\/p>\n<p><strong>19.12.2021 r.<\/strong><\/p>\n<p><strong>\u00a0<\/strong>Spowied\u017a \u015bwi\u0119ta adwentowa w tym roku w naszej Parafii jest roz\u0142o\u017cona w czasie.<\/p>\n<p><strong>Spowied\u017a w Besku: poniedzia\u0142ek, wtorek i \u015brod\u0119 od godz. 16.00<\/strong><\/p>\n<p><strong>Spowied\u017a w Por\u0119bach w poniedzia\u0142ek o godz. 15.00 \u2013 spowiada 3 ksi\u0119\u017cy<\/strong><\/p>\n<p><strong>Spowied\u017a w Mymoniu w wtorek o godz. 15.00 \u2013 spowiada 3 ksi\u0119\u017cy<\/strong><\/p>\n<p><strong>\u00a0<\/strong>Roraty w dni powszednie o godzinie 16.30 Godzinki, o 17.00 Msza \u015bwi\u0119ta.<\/p>\n<p><strong>\u00a0<\/strong>We pi\u0105tek 24 grudnia <strong>Wigilia <\/strong>dzie\u0144 oczekiwania na Uroczysto\u015b\u0107 Narodzenia Pa\u0144skiego. Mszy \u015bwi\u0119tej wieczorowej nie b\u0119dzie. Wieczorem zasiadamy do wieczerzy wigilijnej. Przypominamy Parafianom, \u017ce wieczerz\u0119 rozpoczynamy czytaniem Pisma \u015bwi\u0119tego o narodzeniu Pana Jezusa z ewangelii \u015bwi\u0119tego \u0141ukasza \u2013 rozdzia\u0142 2, modlimy si\u0119 za \u017cywych i zmar\u0142ych i \u015bpiewamy kol\u0119dy. W ten wiecz\u00f3r wykluczamy alkohol.<\/p>\n<p>Pasterka w Besku o godzinie 24.00, a w ko\u015bcio\u0142ach filialnych w Mymoniu i w Por\u0119bach o godzinie 22.00. Po\u0142ow\u0119 ofiar na tac\u0119 z Pasterki przeznaczona jest na Diecezjalny Fundusz Ochrony \u017bycia.<\/p>\n<p>W sobot\u0119 25 grudnia <strong>Uroczysto\u015b\u0107 Bo\u017cego Narodzenia<\/strong>. Porz\u0105dek Mszy \u015bwi\u0119tej w Besku: 7.30, 9.15, 11.00 i 16.00 bez Nieszpor\u00f3w. W ko\u015bcio\u0142ach filialnych w Mymoniu 8.30, w Por\u0119bach 10.00.<\/p>\n<p>W najbli\u017csz\u0105 niedziel\u0119 przypada <strong>\u015awi\u0119to \u015awi\u0119tej Rodziny<\/strong>.<\/p>\n","protected":false},"excerpt":{"rendered":"<p>IV Niedziela Adwentu 19.12.2021 r. \u00a0Spowied\u017a \u015bwi\u0119ta adwentowa w tym roku w naszej Parafii jest roz\u0142o\u017cona w czasie. Spowied\u017a w Besku: poniedzia\u0142ek, wtorek i \u015brod\u0119 od godz. 16.00 Spowied\u017a w Por\u0119bach w poniedzia\u0142ek o godz. 15.00 \u2013 spowiada 3 ksi\u0119\u017cy Spowied\u017a w Mymoniu w wtorek o godz. 15.00 \u2013 spowiada<span class=\"more-link\"><a href=\"https:\/\/parafiabesko.pl\/?p=9548\">Czytaj wi\u0119cej<\/a><\/span><\/p>\n","protected":false},"author":1,"featured_media":0,"comment_status":"closed","ping_status":"open","sticky":false,"template":"","format":"standard","meta":{"footnotes":""},"categories":[7],"tags":[],"class_list":["entry","author-adminparafiibesko","post-9548","post","type-post","status-publish","format-standard","category-ogloszenia-parafialne"],"_links":{"self":[{"href":"https:\/\/parafiabesko.pl\/index.php?rest_route=\/wp\/v2\/posts\/9548","targetHints":{"allow":["GET"]}}],"collection":[{"href":"https:\/\/parafiabesko.pl\/index.php?rest_route=\/wp\/v2\/posts"}],"about":[{"href":"https:\/\/parafiabesko.pl\/index.php?rest_route=\/wp\/v2\/types\/post"}],"author":[{"embeddable":true,"href":"https:\/\/parafiabesko.pl\/index.php?rest_route=\/wp\/v2\/users\/1"}],"replies":[{"embeddable":true,"href":"https:\/\/parafiabesko.pl\/index.php?rest_route=%2Fwp%2Fv2%2Fcomments&post=9548"}],"version-history":[{"count":0,"href":"https:\/\/parafiabesko.pl\/index.php?rest_route=\/wp\/v2\/posts\/9548\/revisions"}],"wp:attachment":[{"href":"https:\/\/parafiabesko.pl\/index.php?rest_route=%2Fwp%2Fv2%2Fmedia&parent=9548"}],"wp:term":[{"taxonomy":"category","embeddable":true,"href":"https:\/\/parafiabesko.pl\/index.php?rest_route=%2Fwp%2Fv2%2Fcategories&post=9548"},{"taxonomy":"post_tag","embeddable":true,"href":"https:\/\/parafiabesko.pl\/index.php?rest_route=%2Fwp%2Fv2%2Ftags&post=9548"}],"curies":[{"name":"wp","href":"https:\/\/api.w.org\/{rel}","templated":true}]}}