{"id":9545,"date":"2021-12-19T18:24:33","date_gmt":"2021-12-19T18:24:33","guid":{"rendered":"http:\/\/parafiabesko.pl\/?p=9545"},"modified":"2021-12-19T18:24:33","modified_gmt":"2021-12-19T18:24:33","slug":"intencje-mszalne-20-26-12-2021-r","status":"publish","type":"post","link":"https:\/\/parafiabesko.pl\/?p=9545","title":{"rendered":"Intencje mszalne 20-26.12.2021 r."},"content":{"rendered":"<table width=\"673\">\n<tbody>\n<tr>\n<td colspan=\"3\" width=\"673\"><\/td>\n<\/tr>\n<tr>\n<td rowspan=\"2\" width=\"141\"><strong>Poniedzia\u0142ek<\/strong><\/p>\n<p>20.12.2021 r.<\/p>\n<p>&nbsp;<\/td>\n<td width=\"65\">\u00a0 7.00<\/td>\n<td width=\"467\">1. + Leon, Stefania, J\u00f3zef<\/p>\n<p>2. + Kazimierz Wr\u00f3bel of. kuzynka Kazimiera<\/td>\n<\/tr>\n<tr>\n<td width=\"65\">17.00<\/td>\n<td width=\"467\">\u00a0+ J\u00f3zef Kielar of. syn Mariusz i c\u00f3rka Justyna<\/td>\n<\/tr>\n<tr>\n<td rowspan=\"2\" width=\"141\"><strong>Wtorek<\/strong><\/p>\n<p>21.12.2021 r.<\/p>\n<p>&nbsp;<\/td>\n<td width=\"65\">\u00a0 7.00<\/td>\n<td width=\"467\">1. + Walerian Wr\u00f3bel of. c\u00f3rka<\/p>\n<p>2. \u2013 o potrzebna \u0142aski dla cz\u0142onk\u00f3w Krucjaty Wyzwolenia Cz\u0142owieka<\/td>\n<\/tr>\n<tr>\n<td width=\"65\">17.00<\/td>\n<td width=\"467\">+ Domicela Ziemia\u0144ska of. syn Stanis\u0142aw z \u017con\u0105<\/td>\n<\/tr>\n<tr>\n<td rowspan=\"2\" width=\"141\"><strong>\u015aroda<\/strong><\/p>\n<p>22.12.2021 r.<\/p>\n<p><strong>\u00a0<\/strong><\/td>\n<td width=\"65\">\u00a0 7.00<\/td>\n<td width=\"467\">1. + Szczepan Czech \/3 r. \u015bm.\/<\/p>\n<p>2. + Helena Mroczkowska of. syn Grzegorz z rodzin\u0105<\/td>\n<\/tr>\n<tr>\n<td width=\"65\">17.00<\/td>\n<td width=\"467\">1. + Kazimiera Szybka of. c\u00f3rka Julia<\/p>\n<p>&nbsp;<\/td>\n<\/tr>\n<tr>\n<td rowspan=\"2\" width=\"141\"><strong>Czwartek<\/strong><\/p>\n<p>23.12.2021 r.<\/p>\n<p>&nbsp;<\/td>\n<td width=\"65\">\u00a0 7.00<\/td>\n<td width=\"467\">1. + Stanis\u0142aw Rodzinka<\/p>\n<p>2. + Zofia Sza\u0142ankiewicz of. rodz. Ja\u015blar<\/td>\n<\/tr>\n<tr>\n<td width=\"65\">17.00<\/td>\n<td width=\"467\">\u00a0+ Danuta Miko\u0142ajewicz of. przyjaci\u00f3\u0142ka<\/p>\n<p>&nbsp;<\/td>\n<\/tr>\n<tr>\n<td rowspan=\"2\" width=\"141\"><strong>Pi\u0105tek<\/strong><\/p>\n<p><strong>Wigilia<\/strong><\/p>\n<p>24.12.2021 r.<\/td>\n<td width=\"65\">\u00a0 7.00<\/td>\n<td width=\"467\">1. + Ewelina, Aleksander Nowak<\/p>\n<p>2. + Grzegorz i Tomasz Suwa\u0142a of. rodzina<\/p>\n<p>3. + Walerian Wr\u00f3bel of. \u017cona Krystyna z dzie\u0107mi<\/td>\n<\/tr>\n<tr>\n<td width=\"65\">&#8212;&#8212;&#8212;<\/td>\n<td width=\"467\">&#8212;&#8212;&#8212;&#8212;&#8212;&#8212;&#8212;&#8212;&#8212;<\/td>\n<\/tr>\n<tr>\n<td rowspan=\"2\" width=\"141\"><strong>Sobota<\/strong><\/p>\n<p>25.12.2021 r.<\/p>\n<p>&nbsp;<\/td>\n<td width=\"65\"><strong>24..00<\/strong><\/p>\n<p><strong>Pasterka<\/strong><\/td>\n<td width=\"467\"><strong>Za Parafian<\/strong><\/td>\n<\/tr>\n<tr>\n<td width=\"65\"><strong>Bo\u017ce<\/strong><\/p>\n<p><strong>Narodzenie<\/strong><\/td>\n<td width=\"467\">\u00a0 <strong>7.30<\/strong> + Anna Kasperkiewicz<\/p>\n<p><strong>\u00a0 9.15<\/strong> + Andrzej Suwa\u0142a<\/p>\n<p><strong>11.00<\/strong>\u00a0 + \u0141ukasz Nowak i zm. z rodziny<\/p>\n<p><strong>16.00<\/strong> \u00a0+ Stanis\u0142aw Suwa\u0142a \/42 r. \u015bm.\/<\/p>\n<p>&nbsp;<\/td>\n<\/tr>\n<tr>\n<td rowspan=\"4\" width=\"141\"><strong>Niedziela<\/strong><\/p>\n<p><strong>\u015awi\u0119tej<\/strong><\/p>\n<p><strong>Rodziny<\/strong><\/p>\n<p>26.12.2021 r.<\/p>\n<p>&nbsp;<\/td>\n<td width=\"65\"><strong>\u00a0 7.30<\/strong><\/td>\n<td width=\"467\">+ Julian Szcz\u0119sny<\/td>\n<\/tr>\n<tr>\n<td width=\"65\"><strong>\u00a0 9.15<\/strong><\/td>\n<td width=\"467\">+ Tadeusz Nycz<\/td>\n<\/tr>\n<tr>\n<td width=\"65\"><strong>11.00<\/strong><\/td>\n<td width=\"467\"><strong>Za Parafian<\/strong><\/td>\n<\/tr>\n<tr>\n<td width=\"65\"><strong>16.30<\/strong><\/td>\n<td width=\"467\">+ ks. Szczepan Semenowicz<\/td>\n<\/tr>\n<\/tbody>\n<\/table>\n","protected":false},"excerpt":{"rendered":"<p>Poniedzia\u0142ek 20.12.2021 r. &nbsp; \u00a0 7.00 1. + Leon, Stefania, J\u00f3zef 2. + Kazimierz Wr\u00f3bel of. kuzynka Kazimiera 17.00 \u00a0+ J\u00f3zef Kielar of. syn Mariusz i c\u00f3rka Justyna Wtorek 21.12.2021 r. &nbsp; \u00a0 7.00 1. + Walerian Wr\u00f3bel of. c\u00f3rka 2. \u2013 o potrzebna \u0142aski dla cz\u0142onk\u00f3w Krucjaty Wyzwolenia Cz\u0142owieka<span class=\"more-link\"><a href=\"https:\/\/parafiabesko.pl\/?p=9545\">Czytaj wi\u0119cej<\/a><\/span><\/p>\n","protected":false},"author":1,"featured_media":0,"comment_status":"closed","ping_status":"open","sticky":false,"template":"","format":"standard","meta":{"footnotes":""},"categories":[4],"tags":[],"class_list":["entry","author-adminparafiibesko","post-9545","post","type-post","status-publish","format-standard","category-intencje-mszalne"],"_links":{"self":[{"href":"https:\/\/parafiabesko.pl\/index.php?rest_route=\/wp\/v2\/posts\/9545","targetHints":{"allow":["GET"]}}],"collection":[{"href":"https:\/\/parafiabesko.pl\/index.php?rest_route=\/wp\/v2\/posts"}],"about":[{"href":"https:\/\/parafiabesko.pl\/index.php?rest_route=\/wp\/v2\/types\/post"}],"author":[{"embeddable":true,"href":"https:\/\/parafiabesko.pl\/index.php?rest_route=\/wp\/v2\/users\/1"}],"replies":[{"embeddable":true,"href":"https:\/\/parafiabesko.pl\/index.php?rest_route=%2Fwp%2Fv2%2Fcomments&post=9545"}],"version-history":[{"count":0,"href":"https:\/\/parafiabesko.pl\/index.php?rest_route=\/wp\/v2\/posts\/9545\/revisions"}],"wp:attachment":[{"href":"https:\/\/parafiabesko.pl\/index.php?rest_route=%2Fwp%2Fv2%2Fmedia&parent=9545"}],"wp:term":[{"taxonomy":"category","embeddable":true,"href":"https:\/\/parafiabesko.pl\/index.php?rest_route=%2Fwp%2Fv2%2Fcategories&post=9545"},{"taxonomy":"post_tag","embeddable":true,"href":"https:\/\/parafiabesko.pl\/index.php?rest_route=%2Fwp%2Fv2%2Ftags&post=9545"}],"curies":[{"name":"wp","href":"https:\/\/api.w.org\/{rel}","templated":true}]}}