{"id":9542,"date":"2021-12-12T17:29:37","date_gmt":"2021-12-12T17:29:37","guid":{"rendered":"http:\/\/parafiabesko.pl\/?p=9542"},"modified":"2021-12-12T17:29:37","modified_gmt":"2021-12-12T17:29:37","slug":"ogloszenia-parafialne-12-12-2021-r","status":"publish","type":"post","link":"https:\/\/parafiabesko.pl\/?p=9542","title":{"rendered":"Og\u0142oszenia parafialne 12.12.2021 r."},"content":{"rendered":"<h5><strong>III Niedziela Adwentu<\/strong><\/h5>\n<h5><strong>12.12.2021 r.<\/strong><\/h5>\n<h5><strong>\u00a0<\/strong>Po Mszach \u015bwi\u0119tych zg\u0142aszanie chorych do spowiedzi i komunii \u015bw. przed \u015bwi\u0119tami w domach. Chorych z zachowaniem wszelkich przepis\u00f3w sanitarnych w Besku, Mymoniu i Por\u0119bach b\u0119dziemy odwiedza\u0107 w najbli\u017csz\u0105 sobot\u0119 od godziny 8.00.<\/h5>\n<h5>Spowied\u017a \u015bwi\u0119ta adwentowa w tym roku w naszej Parafii jest roz\u0142o\u017cona w czasie. Zach\u0119camy Parafian, aby ze spowiedzi skorzystali w dni powszednie, spowiadamy codziennie rano i wieczorem przed Msz\u0105 \u015bwi\u0119t\u0105.<\/h5>\n<h5>Roraty w dni powszednie o godzinie 16.30 Godzinki, o 17.00 Msza \u015bwi\u0119ta.<\/h5>\n","protected":false},"excerpt":{"rendered":"<p>III Niedziela Adwentu 12.12.2021 r. \u00a0Po Mszach \u015bwi\u0119tych zg\u0142aszanie chorych do spowiedzi i komunii \u015bw. przed \u015bwi\u0119tami w domach. Chorych z zachowaniem wszelkich przepis\u00f3w sanitarnych w Besku, Mymoniu i Por\u0119bach b\u0119dziemy odwiedza\u0107 w najbli\u017csz\u0105 sobot\u0119 od godziny 8.00. Spowied\u017a \u015bwi\u0119ta adwentowa w tym roku w naszej Parafii jest roz\u0142o\u017cona w<span class=\"more-link\"><a href=\"https:\/\/parafiabesko.pl\/?p=9542\">Czytaj wi\u0119cej<\/a><\/span><\/p>\n","protected":false},"author":1,"featured_media":0,"comment_status":"closed","ping_status":"open","sticky":false,"template":"","format":"standard","meta":{"footnotes":""},"categories":[7],"tags":[],"class_list":["entry","author-adminparafiibesko","post-9542","post","type-post","status-publish","format-standard","category-ogloszenia-parafialne"],"_links":{"self":[{"href":"https:\/\/parafiabesko.pl\/index.php?rest_route=\/wp\/v2\/posts\/9542","targetHints":{"allow":["GET"]}}],"collection":[{"href":"https:\/\/parafiabesko.pl\/index.php?rest_route=\/wp\/v2\/posts"}],"about":[{"href":"https:\/\/parafiabesko.pl\/index.php?rest_route=\/wp\/v2\/types\/post"}],"author":[{"embeddable":true,"href":"https:\/\/parafiabesko.pl\/index.php?rest_route=\/wp\/v2\/users\/1"}],"replies":[{"embeddable":true,"href":"https:\/\/parafiabesko.pl\/index.php?rest_route=%2Fwp%2Fv2%2Fcomments&post=9542"}],"version-history":[{"count":0,"href":"https:\/\/parafiabesko.pl\/index.php?rest_route=\/wp\/v2\/posts\/9542\/revisions"}],"wp:attachment":[{"href":"https:\/\/parafiabesko.pl\/index.php?rest_route=%2Fwp%2Fv2%2Fmedia&parent=9542"}],"wp:term":[{"taxonomy":"category","embeddable":true,"href":"https:\/\/parafiabesko.pl\/index.php?rest_route=%2Fwp%2Fv2%2Fcategories&post=9542"},{"taxonomy":"post_tag","embeddable":true,"href":"https:\/\/parafiabesko.pl\/index.php?rest_route=%2Fwp%2Fv2%2Ftags&post=9542"}],"curies":[{"name":"wp","href":"https:\/\/api.w.org\/{rel}","templated":true}]}}