{"id":9540,"date":"2021-12-12T17:26:14","date_gmt":"2021-12-12T17:26:14","guid":{"rendered":"http:\/\/parafiabesko.pl\/?p=9540"},"modified":"2021-12-12T17:26:14","modified_gmt":"2021-12-12T17:26:14","slug":"intencje-mszalne-12-19-12-2021-r","status":"publish","type":"post","link":"https:\/\/parafiabesko.pl\/?p=9540","title":{"rendered":"Intencje mszalne 12-19.12.2021 r."},"content":{"rendered":"<table width=\"673\">\n<tbody>\n<tr>\n<td colspan=\"3\" width=\"673\"><strong>\u00a0<\/strong><\/td>\n<\/tr>\n<tr>\n<td rowspan=\"2\" width=\"141\"><strong>Poniedzia\u0142ek<\/strong><\/p>\n<p>13.12.2021 r.<\/p>\n<p>&nbsp;<\/td>\n<td width=\"65\">\u00a0 7.00<\/td>\n<td width=\"467\">+ Grzegorz Suwa\u0142a of. s\u0105siedzi z ul. Tarninowej<\/td>\n<\/tr>\n<tr>\n<td width=\"65\">17.00<\/td>\n<td width=\"467\">1. + Julian, Helena Sza\u0142ankiewicz<\/p>\n<p>2. + Antoni Antonina Krupianik<\/td>\n<\/tr>\n<tr>\n<td rowspan=\"2\" width=\"141\"><strong>Wtorek<\/strong><\/p>\n<p>14.12.2021 r.<\/p>\n<p>&nbsp;<\/td>\n<td width=\"65\">\u00a0 7.00<\/td>\n<td width=\"467\">+ Maria Kasperkowicz of. bratowa Kazimiera<\/td>\n<\/tr>\n<tr>\n<td width=\"65\">17.00<\/td>\n<td width=\"467\">1. + J\u00f3zef, Michalina, Henryk, Maria Krupianik<\/p>\n<p>2. + J\u00f3zef Ziemia\u0144ski \/20 r. \u015bm.\/<\/td>\n<\/tr>\n<tr>\n<td rowspan=\"2\" width=\"141\"><strong>\u015aroda<\/strong><\/p>\n<p>15.12.2021 r.<\/p>\n<p><strong>\u00a0<\/strong><\/td>\n<td width=\"65\">\u00a0 7.00<\/td>\n<td width=\"467\">+ Edward, \u0141ukasz, Stanis\u0142aw, Maria, Pawe\u0142<\/td>\n<\/tr>\n<tr>\n<td width=\"65\">17.00<\/td>\n<td width=\"467\">1. + Tadeusz Zubik of. s\u0105siedzi z ul. Kolejowej<\/p>\n<p>2. + Teresa Pogensek of. c\u00f3rka z rodzin\u0105<\/td>\n<\/tr>\n<tr>\n<td rowspan=\"2\" width=\"141\"><strong>Czwartek<\/strong><\/p>\n<p>16.12.2021 r.<\/p>\n<p>&nbsp;<\/td>\n<td width=\"65\">\u00a0 7.00<\/td>\n<td width=\"467\">+ Bronis\u0142awa Mermer \/27 r. \u015bm.\/<\/td>\n<\/tr>\n<tr>\n<td width=\"65\">17.00<\/td>\n<td width=\"467\">1. + Stanis\u0142aw Stapi\u0144ski of. \u017cona z synem Markiem<\/p>\n<p>2. + Boles\u0142aw Kijowski of. \u017cona i syn<\/td>\n<\/tr>\n<tr>\n<td rowspan=\"2\" width=\"141\"><strong>Pi\u0105tek<\/strong><\/p>\n<p>17.12.2021 r.<\/p>\n<p>&nbsp;<\/td>\n<td width=\"65\">\u00a0 7.00<\/td>\n<td width=\"467\">+ Ryszarda Kr\u0119\u017cel of. wnuk Damian z rodzin\u0105<\/td>\n<\/tr>\n<tr>\n<td width=\"65\">17.00<\/td>\n<td width=\"467\">1. + Zofia, Grzegorz Kielar<\/p>\n<p>2. + Albin Rajchel of. c\u00f3rka Bogusia z rodzin\u0105<\/td>\n<\/tr>\n<tr>\n<td rowspan=\"2\" width=\"141\"><strong>Sobota<\/strong><\/p>\n<p>18.12.2021 r.<\/p>\n<p>&nbsp;<\/td>\n<td width=\"65\">\u00a0 7.00<\/td>\n<td width=\"467\">+ Grzegorz Suwa\u0142a of. koledzy z pracy w Norwegii<\/td>\n<\/tr>\n<tr>\n<td width=\"65\">17.00<\/td>\n<td width=\"467\">1. + Tadeusz Zubik of. pracownicy Szko\u0142y Podstawowej w Besku<\/p>\n<p>2. + Maria Kasperkowicz of. syn Leszek z rodzin\u0105<\/td>\n<\/tr>\n<tr>\n<td rowspan=\"4\" width=\"141\"><strong>Niedziela<\/strong><\/p>\n<p>19.12.2021 r.<\/p>\n<p>&nbsp;<\/td>\n<td width=\"65\"><strong>\u00a0 6.30<\/strong><\/td>\n<td width=\"467\">+ Daniela \/21 r. \u015bm.\/ i J\u00f3zef Urban<\/td>\n<\/tr>\n<tr>\n<td width=\"65\"><strong>\u00a0 9.15<\/strong><\/td>\n<td width=\"467\">+ Stanis\u0142aw Stapi\u0144ski of. c\u00f3rka Agata z rodzin\u0105<\/td>\n<\/tr>\n<tr>\n<td width=\"65\"><strong>11.00<\/strong><\/td>\n<td width=\"467\"><strong>Za Parafian<\/strong><\/td>\n<\/tr>\n<tr>\n<td width=\"65\"><strong>16.30<\/strong><\/td>\n<td width=\"467\">+ Boles\u0142aw Kijowski of. c\u00f3rka Ma\u0142gorzata z rodzin\u0105<\/td>\n<\/tr>\n<\/tbody>\n<\/table>\n","protected":false},"excerpt":{"rendered":"<p>\u00a0 Poniedzia\u0142ek 13.12.2021 r. &nbsp; \u00a0 7.00 + Grzegorz Suwa\u0142a of. s\u0105siedzi z ul. Tarninowej 17.00 1. + Julian, Helena Sza\u0142ankiewicz 2. + Antoni Antonina Krupianik Wtorek 14.12.2021 r. &nbsp; \u00a0 7.00 + Maria Kasperkowicz of. bratowa Kazimiera 17.00 1. + J\u00f3zef, Michalina, Henryk, Maria Krupianik 2. + J\u00f3zef Ziemia\u0144ski<span class=\"more-link\"><a href=\"https:\/\/parafiabesko.pl\/?p=9540\">Czytaj wi\u0119cej<\/a><\/span><\/p>\n","protected":false},"author":1,"featured_media":0,"comment_status":"closed","ping_status":"open","sticky":false,"template":"","format":"standard","meta":{"footnotes":""},"categories":[4],"tags":[],"class_list":["entry","author-adminparafiibesko","post-9540","post","type-post","status-publish","format-standard","category-intencje-mszalne"],"_links":{"self":[{"href":"https:\/\/parafiabesko.pl\/index.php?rest_route=\/wp\/v2\/posts\/9540","targetHints":{"allow":["GET"]}}],"collection":[{"href":"https:\/\/parafiabesko.pl\/index.php?rest_route=\/wp\/v2\/posts"}],"about":[{"href":"https:\/\/parafiabesko.pl\/index.php?rest_route=\/wp\/v2\/types\/post"}],"author":[{"embeddable":true,"href":"https:\/\/parafiabesko.pl\/index.php?rest_route=\/wp\/v2\/users\/1"}],"replies":[{"embeddable":true,"href":"https:\/\/parafiabesko.pl\/index.php?rest_route=%2Fwp%2Fv2%2Fcomments&post=9540"}],"version-history":[{"count":0,"href":"https:\/\/parafiabesko.pl\/index.php?rest_route=\/wp\/v2\/posts\/9540\/revisions"}],"wp:attachment":[{"href":"https:\/\/parafiabesko.pl\/index.php?rest_route=%2Fwp%2Fv2%2Fmedia&parent=9540"}],"wp:term":[{"taxonomy":"category","embeddable":true,"href":"https:\/\/parafiabesko.pl\/index.php?rest_route=%2Fwp%2Fv2%2Fcategories&post=9540"},{"taxonomy":"post_tag","embeddable":true,"href":"https:\/\/parafiabesko.pl\/index.php?rest_route=%2Fwp%2Fv2%2Ftags&post=9540"}],"curies":[{"name":"wp","href":"https:\/\/api.w.org\/{rel}","templated":true}]}}