{"id":9537,"date":"2021-12-05T19:38:36","date_gmt":"2021-12-05T19:38:36","guid":{"rendered":"http:\/\/parafiabesko.pl\/?p=9537"},"modified":"2021-12-05T19:38:36","modified_gmt":"2021-12-05T19:38:36","slug":"ogloszenia-parafialne-5-12-2021-r","status":"publish","type":"post","link":"https:\/\/parafiabesko.pl\/?p=9537","title":{"rendered":"Og\u0142oszenia parafialne 5.12.2021 r"},"content":{"rendered":"<h5><strong>II Niedziela Adwentu<\/strong><\/h5>\n<h5><strong>5.12.2021 r.<\/strong><\/h5>\n<h5><strong>\u00a0<\/strong>Dzisiaj Niedziela Adoracyjna, od 12.00 do 16.00 prywatna adoracja rodzin, o godz. 16.00 modlitwa r\u00f3\u017ca\u0144cowa i zmiana Tajemnic R\u00f3\u017ca\u0144cowych adoruje r\u00f3\u017ca \u015bw. Marii Magdaleny prze\u0142o\u017cona Maria Rajter.<\/h5>\n<h5>Taca z dzisiejszej niedzieli przeznaczona jest na Wy\u017csze <strong>Seminarium Duchowne w Przemy\u015blu.<\/strong><\/h5>\n<h5>Rozprowadzamy w Parafii \u015bwiece z logo Caritas, kt\u00f3re &#8211; mamy nadziej\u0119 &#8211; znajd\u0105 swoje miejsce na wielu wigilijnych sto\u0142ach. Ich p\u0142omie\u0144 jest znakiem solidarno\u015bci z najbardziej potrzebuj\u0105cymi dzie\u0107mi w Polsce i na \u015bwiecie. Po Mszach \u015bwi\u0119tych mo\u017cna naby\u0107 \u015bwiec\u0119 <strong>\u201eWigilijne Dzie\u0142o Pomocy Dzieciom\u201d.<\/strong> W przedsionku ko\u015bcio\u0142a pan ko\u015bcielny rozprowadza \u015bwiece Caritas na wigilijny st\u00f3\u0142. Ofiara za \u015bwiec\u0119 to r\u00f3wnowarto\u015b\u0107 jednego obiadu dla biednego dziecka \u2013 co najmniej 8 z\u0142.<\/h5>\n<h5>Dzisiaj 5\u00a0grudnia, przypada <strong>Dzie\u0144 modlitwy i\u00a0pomocy Ko\u015bcio\u0142owi na Wschodzie.<\/strong> Zbi\u00f3rka ta, jest realizacj\u0105 uchwa\u0142y Konferencji Episkopatu \u201eBaz\u0119 finansow\u0105 Zespo\u0142u, stanowi zbi\u00f3rka do puszek w drug\u0105 niedziel\u0119 Adwentu oraz ofiary i darowizny przeznaczone na pomoc Ko\u015bcio\u0142owi na Wschodzie\u201d. W imieniu kap\u0142an\u00f3w, si\u00f3str i braci zakonnych oraz wolontariuszy \u015bwieckich, pos\u0142uguj\u0105cych aktualnie na wschodzie a tak\u017ce wiernych, sk\u0142adamy serdeczne podzi\u0119kowanie za wszelk\u0105 pomoc i modlitw\u0119. Pragniemy zapewni\u0107, \u017ce wierni tworz\u0105cy Ko\u015bci\u00f3\u0142 Katolicki na Wschodzie, gorliwie modl\u0105 si\u0119 za ofiarodawc\u00f3w w duchu wdzi\u0119czno\u015bci za przekazane ofiary. Pami\u0119tajmy o\u00a0naszych siostrach i\u00a0braciach, kt\u00f3rym przysz\u0142o \u017cy\u0107 w\u00a0trudniejszych od nas okoliczno\u015bciach \u2013 apeluje Zesp\u00f3\u0142 Pomocy Ko\u015bcio\u0142owi na Wschodzie przy Konferencji Episkopatu Polski kt\u00f3ry\u00a0 niesie pomoc ju\u017c od 30 lat. Po Mszach \u015bwi\u0119tych zbi\u00f3rka do puszki\u00a0 na pomoc Ko\u015bcio\u0142owi na Wschodzie.<\/h5>\n<h5>Roraty w dni powszednie o godzinie 16.20 Koronka do Bo\u017cego Mi\u0142osierdzia z intencj\u0105 dnia \u2013 bez rozwa\u017ca\u0144, o godzinie 16.35 Godzinki, o 17.00 procesja dzieci z lampionami i Msza \u015bwi\u0119ta. Zapraszamy dzieci, m\u0142odzie\u017c, starszych na te nabo\u017ce\u0144stwa. Dla dzieci Parafia wzorem lat ubieg\u0142ych, przygotowa\u0142a pi\u0119kne plansze, na kt\u00f3rych za udzia\u0142 w roratach b\u0119d\u0105 otrzymywa\u0107 pi\u0119kne naklejki.<\/h5>\n<h5>W \u015brod\u0119 8 grudnia <strong>Uroczysto\u015b\u0107 Niepokalanego Pocz\u0119cia NMP<\/strong>. Porz\u0105dek Mszy \u015bwi\u0119tych w Besku: o godz. 6.00 Godzinki o godz. 6.30 Msza \u015bw., suma o godz. 10.00 i po po\u0142udniu Msza \u015bw. o godz. 17.00 i wr\u0119czenie dzieciom klasy trzeciej medalik\u00f3w. W ko\u015bcio\u0142ach filialnych Msza \u015bw. Por\u0119by o godz. 16.00, a Mymo\u0144 17.00.<\/h5>\n","protected":false},"excerpt":{"rendered":"<p>II Niedziela Adwentu 5.12.2021 r. \u00a0Dzisiaj Niedziela Adoracyjna, od 12.00 do 16.00 prywatna adoracja rodzin, o godz. 16.00 modlitwa r\u00f3\u017ca\u0144cowa i zmiana Tajemnic R\u00f3\u017ca\u0144cowych adoruje r\u00f3\u017ca \u015bw. Marii Magdaleny prze\u0142o\u017cona Maria Rajter. Taca z dzisiejszej niedzieli przeznaczona jest na Wy\u017csze Seminarium Duchowne w Przemy\u015blu. Rozprowadzamy w Parafii \u015bwiece z logo<span class=\"more-link\"><a href=\"https:\/\/parafiabesko.pl\/?p=9537\">Czytaj wi\u0119cej<\/a><\/span><\/p>\n","protected":false},"author":1,"featured_media":0,"comment_status":"closed","ping_status":"open","sticky":false,"template":"","format":"standard","meta":{"footnotes":""},"categories":[7],"tags":[],"class_list":["entry","author-adminparafiibesko","post-9537","post","type-post","status-publish","format-standard","category-ogloszenia-parafialne"],"_links":{"self":[{"href":"https:\/\/parafiabesko.pl\/index.php?rest_route=\/wp\/v2\/posts\/9537","targetHints":{"allow":["GET"]}}],"collection":[{"href":"https:\/\/parafiabesko.pl\/index.php?rest_route=\/wp\/v2\/posts"}],"about":[{"href":"https:\/\/parafiabesko.pl\/index.php?rest_route=\/wp\/v2\/types\/post"}],"author":[{"embeddable":true,"href":"https:\/\/parafiabesko.pl\/index.php?rest_route=\/wp\/v2\/users\/1"}],"replies":[{"embeddable":true,"href":"https:\/\/parafiabesko.pl\/index.php?rest_route=%2Fwp%2Fv2%2Fcomments&post=9537"}],"version-history":[{"count":0,"href":"https:\/\/parafiabesko.pl\/index.php?rest_route=\/wp\/v2\/posts\/9537\/revisions"}],"wp:attachment":[{"href":"https:\/\/parafiabesko.pl\/index.php?rest_route=%2Fwp%2Fv2%2Fmedia&parent=9537"}],"wp:term":[{"taxonomy":"category","embeddable":true,"href":"https:\/\/parafiabesko.pl\/index.php?rest_route=%2Fwp%2Fv2%2Fcategories&post=9537"},{"taxonomy":"post_tag","embeddable":true,"href":"https:\/\/parafiabesko.pl\/index.php?rest_route=%2Fwp%2Fv2%2Ftags&post=9537"}],"curies":[{"name":"wp","href":"https:\/\/api.w.org\/{rel}","templated":true}]}}