{"id":9535,"date":"2021-12-05T19:33:49","date_gmt":"2021-12-05T19:33:49","guid":{"rendered":"http:\/\/parafiabesko.pl\/?p=9535"},"modified":"2021-12-05T19:33:49","modified_gmt":"2021-12-05T19:33:49","slug":"intencje-mszalne-6-12-12-2021-r","status":"publish","type":"post","link":"https:\/\/parafiabesko.pl\/?p=9535","title":{"rendered":"Intencje mszalne 6-12.12.2021 r."},"content":{"rendered":"<table width=\"673\">\n<tbody>\n<tr>\n<td rowspan=\"2\" width=\"141\"><strong>Poniedzia\u0142ek<\/strong><\/p>\n<p>6.12.2021 r.<\/p>\n<p>&nbsp;<\/td>\n<td width=\"65\">\u00a0 7.00<\/td>\n<td width=\"467\">&#8211; w intencji Panu Bogu wiadomej<\/td>\n<\/tr>\n<tr>\n<td width=\"65\">17.00<\/td>\n<td width=\"467\">1. + Wiktoria Kr\u0119\u017cel \/3 r. \u015bm.\/ of. syn Bogdan z Lucyn\u0105<\/p>\n<p>2. + Tadeusz Zubik of. c\u00f3rka Zofia z rodzin\u0105 \/poza Parafi\u0105\/<\/td>\n<\/tr>\n<tr>\n<td rowspan=\"2\" width=\"141\"><strong>Wtorek<\/strong><\/p>\n<p>7.12.2021 r.<\/p>\n<p>&nbsp;<\/td>\n<td width=\"65\">\u00a0 7.00<\/td>\n<td width=\"467\">+ Ryszarda Kr\u0119\u017cel of. s\u0105siedzi z ul. Podkarpackiej i Wolskiej<\/td>\n<\/tr>\n<tr>\n<td width=\"65\">17.00<\/td>\n<td width=\"467\">1.\u00a0 + Irena Bana\u015b \/5 r. \u015bm.\/<\/p>\n<p>2. + Leon Burczyk of. \u017cona z dzie\u0107mi \/poza Parafi\u0105\/<\/td>\n<\/tr>\n<tr>\n<td rowspan=\"2\" width=\"141\"><strong>\u015aroda<\/strong><\/p>\n<p>8.12.2021 r.<\/p>\n<p><strong>Niepokalane<\/strong><\/p>\n<p><strong>Pocz\u0119cie<\/strong><\/td>\n<td width=\"65\"><strong>\u00a0 6.30<\/strong><\/p>\n<p><strong>10.00<\/strong><\/td>\n<td width=\"467\">&#8211; Wypominkowa<\/p>\n<p>+ za zmar\u0142ych z rodziny Kornasiewicz i Ja\u015blar<\/td>\n<\/tr>\n<tr>\n<td width=\"65\"><strong>\u00a0<\/strong><\/p>\n<p><strong>17.00<\/strong><\/td>\n<td width=\"467\">&nbsp;<\/p>\n<p>+ Stanis\u0142aw, Antoni Mikosz<\/td>\n<\/tr>\n<tr>\n<td rowspan=\"2\" width=\"141\"><strong>Czwartek<\/strong><\/p>\n<p>9.12.2021 r.<\/p>\n<p>&nbsp;<\/td>\n<td width=\"65\">\u00a0 7.00<\/td>\n<td width=\"467\">+ Albin Rajchel of. \u017cona<\/td>\n<\/tr>\n<tr>\n<td width=\"65\">17.00<\/td>\n<td width=\"467\">1. + Stanis\u0142aw Mermer \/23 r. \u015bm.\/ i zm. z rodziny<\/p>\n<p>2. + Tadeusz Kruczkiewicz \/3 r. \u015bm.\/<\/td>\n<\/tr>\n<tr>\n<td rowspan=\"2\" width=\"141\"><strong>Pi\u0105tek<\/strong><\/p>\n<p>10.12.2021 r.<\/p>\n<p>&nbsp;<\/td>\n<td width=\"65\">\u00a0 7.00<\/td>\n<td width=\"467\">+ Danuta Miko\u0142ajewicz of. Agata Stapi\u0144ska Marsza\u0142ek<\/td>\n<\/tr>\n<tr>\n<td width=\"65\">17.00<\/td>\n<td width=\"467\">1. + Stanis\u0142aw Mermer \u2013 w rocz. \u015bmierci<\/p>\n<p>2. + Edward J\u0119drzejczyk<\/td>\n<\/tr>\n<tr>\n<td rowspan=\"2\" width=\"141\"><strong>Sobota<\/strong><\/p>\n<p>11.12.2021 r.<\/p>\n<p>&nbsp;<\/td>\n<td width=\"65\">\u00a0 7.00<\/td>\n<td width=\"467\">+ Ryszarda Kr\u0119\u017cel of. Jan Ja\u015blar z rodzin\u0105<\/td>\n<\/tr>\n<tr>\n<td width=\"65\">17.00<\/td>\n<td width=\"467\">1. + Alojzy, Eugenia of. c\u00f3rka Zofia z rodzin\u0105<\/p>\n<p>2. + Bronis\u0142aw Bia\u0142as \/3 r. \u015bm.\/ i J\u00f3zef\u0119 \/poza Parafi\u0105\/<\/td>\n<\/tr>\n<tr>\n<td rowspan=\"4\" width=\"141\"><strong>Niedziela<\/strong><\/p>\n<p>12.12.2021 r.<\/p>\n<p>&nbsp;<\/td>\n<td width=\"65\"><strong>\u00a0 6.30<\/strong><\/td>\n<td width=\"467\">+ Henryk P\u0142atek \/3 r. \u015bm.\/<\/td>\n<\/tr>\n<tr>\n<td width=\"65\"><strong>\u00a0 9.15<\/strong><\/td>\n<td width=\"467\">&#8211; w 18 urodziny Julii z pro\u015bb\u0105 o potrzebne \u0142aski w doros\u0142ym \u017cyciu<\/td>\n<\/tr>\n<tr>\n<td width=\"65\"><strong>11.00<\/strong><\/td>\n<td width=\"467\"><strong>Za Parafian<\/strong><\/td>\n<\/tr>\n<tr>\n<td width=\"65\"><strong>16.30<\/strong><\/td>\n<td width=\"467\">+ Ks. Szczepan Semenowicz \/3 r. \u015bm.\/<\/td>\n<\/tr>\n<\/tbody>\n<\/table>\n","protected":false},"excerpt":{"rendered":"<p>Poniedzia\u0142ek 6.12.2021 r. &nbsp; \u00a0 7.00 &#8211; w intencji Panu Bogu wiadomej 17.00 1. + Wiktoria Kr\u0119\u017cel \/3 r. \u015bm.\/ of. syn Bogdan z Lucyn\u0105 2. + Tadeusz Zubik of. c\u00f3rka Zofia z rodzin\u0105 \/poza Parafi\u0105\/ Wtorek 7.12.2021 r. &nbsp; \u00a0 7.00 + Ryszarda Kr\u0119\u017cel of. s\u0105siedzi z ul. Podkarpackiej<span class=\"more-link\"><a href=\"https:\/\/parafiabesko.pl\/?p=9535\">Czytaj wi\u0119cej<\/a><\/span><\/p>\n","protected":false},"author":1,"featured_media":0,"comment_status":"closed","ping_status":"open","sticky":false,"template":"","format":"standard","meta":{"footnotes":""},"categories":[4],"tags":[],"class_list":["entry","author-adminparafiibesko","post-9535","post","type-post","status-publish","format-standard","category-intencje-mszalne"],"_links":{"self":[{"href":"https:\/\/parafiabesko.pl\/index.php?rest_route=\/wp\/v2\/posts\/9535","targetHints":{"allow":["GET"]}}],"collection":[{"href":"https:\/\/parafiabesko.pl\/index.php?rest_route=\/wp\/v2\/posts"}],"about":[{"href":"https:\/\/parafiabesko.pl\/index.php?rest_route=\/wp\/v2\/types\/post"}],"author":[{"embeddable":true,"href":"https:\/\/parafiabesko.pl\/index.php?rest_route=\/wp\/v2\/users\/1"}],"replies":[{"embeddable":true,"href":"https:\/\/parafiabesko.pl\/index.php?rest_route=%2Fwp%2Fv2%2Fcomments&post=9535"}],"version-history":[{"count":0,"href":"https:\/\/parafiabesko.pl\/index.php?rest_route=\/wp\/v2\/posts\/9535\/revisions"}],"wp:attachment":[{"href":"https:\/\/parafiabesko.pl\/index.php?rest_route=%2Fwp%2Fv2%2Fmedia&parent=9535"}],"wp:term":[{"taxonomy":"category","embeddable":true,"href":"https:\/\/parafiabesko.pl\/index.php?rest_route=%2Fwp%2Fv2%2Fcategories&post=9535"},{"taxonomy":"post_tag","embeddable":true,"href":"https:\/\/parafiabesko.pl\/index.php?rest_route=%2Fwp%2Fv2%2Ftags&post=9535"}],"curies":[{"name":"wp","href":"https:\/\/api.w.org\/{rel}","templated":true}]}}