{"id":9518,"date":"2021-11-28T22:01:47","date_gmt":"2021-11-28T22:01:47","guid":{"rendered":"http:\/\/parafiabesko.pl\/?p=9518"},"modified":"2021-11-28T22:01:47","modified_gmt":"2021-11-28T22:01:47","slug":"ogloszenia-parafialne-28-11-2012-r","status":"publish","type":"post","link":"https:\/\/parafiabesko.pl\/?p=9518","title":{"rendered":"Og\u0142oszenia parafialne 28.11.2012 r."},"content":{"rendered":"<h5><strong>I Niedziela Adwentu<\/strong><\/h5>\n<h5><strong>28.11.2021 r.<\/strong><\/h5>\n<h5>Dzi\u015b pocz\u0105tek Adwentu. Rozpoczyna si\u0119 nowy rok duszpasterski 2021\/22 pod has\u0142em \u201e<em>Pos\u0142ani w pokoju Chrystusa<\/em> \u201d<\/h5>\n<h5>Roraty w dni powszednie o godzinie 16.20 Koronka do Bo\u017cego Mi\u0142osierdzia z intencj\u0105 dnia \u2013 bez rozwa\u017ca\u0144, o godzinie 16.35 Godzinki, o 17.00 procesja dzieci z lampionami i Msza \u015bwi\u0119ta. Zapraszamy dzieci, m\u0142odzie\u017c, starszych na te nabo\u017ce\u0144stwa. Dla dzieci Parafia wzorem lat ubieg\u0142ych, przygotowa\u0142a pi\u0119kne plansze, na kt\u00f3rych za udzia\u0142 w roratach b\u0119d\u0105 otrzymywa\u0107 pi\u0119kne naklejki. <strong>Rada dla rodzic\u00f3w:<\/strong> wype\u0142niona plansza naklejkami to rado\u015b\u0107 dla waszego dziecka, kt\u00f3re czynnie i na modlitwie prze\u017cy\u0142o Adwent \u2013 czas radosnego oczekiwania na przyj\u015bcie Pana. Drodzy rodzice ma\u0142ych dzieci &#8211; przygotujcie dzieciom adwentowe lampiony i przyprowadzajcie je do \u015bwi\u0105tyni, aby rado\u015bnie prze\u017cy\u0142y ten czas.<\/h5>\n<h5>W przedsionku ko\u015bcio\u0142a pan ko\u015bcielny rozprowadza \u015bwiece Caritas na wigilijny st\u00f3\u0142. Cena \u015bwiecy to r\u00f3wnowarto\u015b\u0107 obiadu dla biednego dziecka \u2013 co najmniej 8 z\u0142.<\/h5>\n<h5>Po Mszach \u015bw. w niedziel\u0119 pan organista rozprowadza <strong>na ch\u00f3rze<\/strong> <strong>w ko\u015bciele<\/strong> op\u0142atki wigilijne dla rodzin, kt\u00f3re w ubieg\u0142e lata odwiedza\u0142 w domach. U si\u00f3str zakonnych w op\u0142atki zaopatruje si\u0119 wyznaczona cz\u0119\u015b\u0107 Parafii. Przypominamy, ze ofiary sk\u0142adane przy tej okazji to jest cz\u0119\u015b\u0107 wynagrodzenia za ca\u0142oroczn\u0105 pos\u0142ug\u0119 w naszym ko\u015bciele.<\/h5>\n<h5>W tym tygodniu wypada pierwszy czwartek, pi\u0105tek i sobota miesi\u0105ca. Mo\u017cliwo\u015b\u0107 spowiedzi przed ka\u017cd\u0105 Msza \u015bwi\u0119t\u0105.<\/h5>\n<h5>Pierwszy pi\u0105tek miesi\u0105ca, rano o godz. 7.00 Msza \u015bw. i adoracja, adoruje r\u00f3\u017ca \u015bw. Anny prze\u0142o\u017cona Janina Suwa\u0142a. Wieczorem roraty. Chorych w Besku w pierwszy pi\u0105tek nie b\u0119dziemy odwiedza\u0107, odwiedzimy przed \u015bwi\u0119tami. W Mymoniu i Por\u0119bach w pi\u0105tek o godz. 15.00 adoracja, spowied\u017a i Msza \u015bw.<\/h5>\n<h5>Pierwsza sobota miesi\u0105ca, rano o godz. 7.00 Msza \u015bw. i nabo\u017ce\u0144stwo do Matki Bo\u017cej, adoruje r\u00f3\u017ca \u015bw. Jadwigi Kr\u00f3lowej prze\u0142o\u017cona Ewa \u0106wi\u0105ka\u0142a, wieczorem roraty.<\/h5>\n<h5>Za tydzie\u0144 Niedziela Adoracyjna, od 12.00 do 16.00 prywatna adoracja rodzin, o godz. 16.00 modlitwa r\u00f3\u017ca\u0144cowa i zmiana Tajemnic R\u00f3\u017ca\u0144cowych adoruje r\u00f3\u017ca \u015bw. Marii Magdaleny prze\u0142o\u017cona Maria Rajter.<\/h5>\n<h5><strong>Jest to te\u017c dzie\u0144 solidarno\u015bci z Ko\u015bcio\u0142ami na Wschodzie, dlatego b\u0119dzie zbi\u00f3rka do puszek przeznaczona na pomoc tym Ko\u015bcio\u0142om.<\/strong><\/h5>\n","protected":false},"excerpt":{"rendered":"<p>I Niedziela Adwentu 28.11.2021 r. Dzi\u015b pocz\u0105tek Adwentu. Rozpoczyna si\u0119 nowy rok duszpasterski 2021\/22 pod has\u0142em \u201ePos\u0142ani w pokoju Chrystusa \u201d Roraty w dni powszednie o godzinie 16.20 Koronka do Bo\u017cego Mi\u0142osierdzia z intencj\u0105 dnia \u2013 bez rozwa\u017ca\u0144, o godzinie 16.35 Godzinki, o 17.00 procesja dzieci z lampionami i Msza<span class=\"more-link\"><a href=\"https:\/\/parafiabesko.pl\/?p=9518\">Czytaj wi\u0119cej<\/a><\/span><\/p>\n","protected":false},"author":1,"featured_media":0,"comment_status":"closed","ping_status":"open","sticky":false,"template":"","format":"standard","meta":{"footnotes":""},"categories":[7],"tags":[],"class_list":["entry","author-adminparafiibesko","post-9518","post","type-post","status-publish","format-standard","category-ogloszenia-parafialne"],"_links":{"self":[{"href":"https:\/\/parafiabesko.pl\/index.php?rest_route=\/wp\/v2\/posts\/9518","targetHints":{"allow":["GET"]}}],"collection":[{"href":"https:\/\/parafiabesko.pl\/index.php?rest_route=\/wp\/v2\/posts"}],"about":[{"href":"https:\/\/parafiabesko.pl\/index.php?rest_route=\/wp\/v2\/types\/post"}],"author":[{"embeddable":true,"href":"https:\/\/parafiabesko.pl\/index.php?rest_route=\/wp\/v2\/users\/1"}],"replies":[{"embeddable":true,"href":"https:\/\/parafiabesko.pl\/index.php?rest_route=%2Fwp%2Fv2%2Fcomments&post=9518"}],"version-history":[{"count":0,"href":"https:\/\/parafiabesko.pl\/index.php?rest_route=\/wp\/v2\/posts\/9518\/revisions"}],"wp:attachment":[{"href":"https:\/\/parafiabesko.pl\/index.php?rest_route=%2Fwp%2Fv2%2Fmedia&parent=9518"}],"wp:term":[{"taxonomy":"category","embeddable":true,"href":"https:\/\/parafiabesko.pl\/index.php?rest_route=%2Fwp%2Fv2%2Fcategories&post=9518"},{"taxonomy":"post_tag","embeddable":true,"href":"https:\/\/parafiabesko.pl\/index.php?rest_route=%2Fwp%2Fv2%2Ftags&post=9518"}],"curies":[{"name":"wp","href":"https:\/\/api.w.org\/{rel}","templated":true}]}}