{"id":9515,"date":"2021-11-28T21:58:04","date_gmt":"2021-11-28T21:58:04","guid":{"rendered":"http:\/\/parafiabesko.pl\/?p=9515"},"modified":"2021-11-28T21:58:04","modified_gmt":"2021-11-28T21:58:04","slug":"intencje-mszalne-29-11-5-12-2021-r","status":"publish","type":"post","link":"https:\/\/parafiabesko.pl\/?p=9515","title":{"rendered":"Intencje mszalne 29.11.-5.12.2021 r."},"content":{"rendered":"<table width=\"673\">\n<tbody>\n<tr>\n<td colspan=\"3\" width=\"673\"><\/td>\n<\/tr>\n<tr>\n<td rowspan=\"2\" width=\"141\"><strong>Poniedzia\u0142ek<\/strong><\/p>\n<p>29.11.2021 r.<\/p>\n<p>&nbsp;<\/td>\n<td width=\"65\">7.00<\/td>\n<td width=\"467\">+ Stefani\u0119 Kortyna \/8 r. \u015bm.\/<\/td>\n<\/tr>\n<tr>\n<td width=\"65\">17.00<\/td>\n<td width=\"467\">1. + Zdzis\u0142aw Rajter<\/p>\n<p>2. + Tadeusz Zubik of. c\u00f3rka Bogumi\u0142a z rodzin\u0105<\/td>\n<\/tr>\n<tr>\n<td rowspan=\"2\" width=\"141\"><strong>Wtorek<\/strong><\/p>\n<p>30.11.2021 r.<\/p>\n<p>&nbsp;<\/td>\n<td width=\"65\">7.00<\/td>\n<td width=\"467\">+ Danuta Miko\u0142ajewicz of. brat Stanis\u0142aw<\/td>\n<\/tr>\n<tr>\n<td width=\"65\">17.00<\/td>\n<td width=\"467\">1. + Stanis\u0142aw Mermer \/26 r. \u015bm.\/<\/p>\n<p>2. + Karol, Kazimiera Kijowscy<\/td>\n<\/tr>\n<tr>\n<td rowspan=\"2\" width=\"141\"><strong>\u015aroda<\/strong><\/p>\n<p>1.12.2021 r.<\/p>\n<p>&nbsp;<\/td>\n<td width=\"65\">7.00<\/td>\n<td width=\"467\">+ Ryszarda Kr\u0119\u017cel of. c\u00f3rka Marzena z rodzin\u0105<\/td>\n<\/tr>\n<tr>\n<td width=\"65\">17.00<\/td>\n<td width=\"467\">1. + Lidia Koczera<\/p>\n<p>2. + Tadeusz Zubik of. c\u00f3rka Barbara z rodzin\u0105<\/td>\n<\/tr>\n<tr>\n<td rowspan=\"2\" width=\"141\"><strong>Czwartek<\/strong><\/p>\n<p>2.12.2021 r.<\/p>\n<p>&nbsp;<\/td>\n<td width=\"65\">7.00<\/td>\n<td width=\"467\">+ Jan, Julia, Jan Tutak i zm. z rodziny<\/td>\n<\/tr>\n<tr>\n<td width=\"65\">17.00<\/td>\n<td width=\"467\">1. + Katarzyna Bo\u0142od of. syn Dariusz<\/p>\n<p>2.+ Janina, Micha\u0142, Andrzej Sza\u0142ankiewicz<\/td>\n<\/tr>\n<tr>\n<td rowspan=\"2\" width=\"141\"><strong>Pi\u0105tek<\/strong><\/p>\n<p>3.12.2021 r.<\/p>\n<p>&nbsp;<\/td>\n<td width=\"65\">7.00<\/td>\n<td width=\"467\">+ za dusze w czyjscu cierpi\u0105ce<\/td>\n<\/tr>\n<tr>\n<td width=\"65\">17.00<\/td>\n<td width=\"467\">+ Andrzej, Stanis\u0142aw, Marian<\/td>\n<\/tr>\n<tr>\n<td rowspan=\"2\" width=\"141\"><strong>Sobota<\/strong><\/p>\n<p>4.12.2021 r.<\/p>\n<p>&nbsp;<\/td>\n<td width=\"65\">7.00<\/td>\n<td width=\"467\">+ Ryszarda Kr\u0119\u017cel of. c\u00f3rka Anna z rodzin\u0105<\/td>\n<\/tr>\n<tr>\n<td width=\"65\">17.00<\/td>\n<td width=\"467\">1. + Antonina, Franciszek Lewiccy i zm. z rodziny<\/p>\n<p>2. + Jan Wais of. rodzina<\/td>\n<\/tr>\n<tr>\n<td rowspan=\"4\" width=\"141\"><strong>Niedziela<\/strong><\/p>\n<p>5.12.2021 r.<\/p>\n<p>&nbsp;<\/td>\n<td width=\"65\">6.30<\/td>\n<td width=\"467\">+ Edward \u015aliwka<\/td>\n<\/tr>\n<tr>\n<td width=\"65\">9.15<\/td>\n<td width=\"467\">+ Bogumi\u0142a, Zofia, Andrzej Kocha\u0144scy<\/td>\n<\/tr>\n<tr>\n<td width=\"65\">11.00<\/td>\n<td width=\"467\"><strong>Za Parafian<\/strong><\/td>\n<\/tr>\n<tr>\n<td width=\"65\">16.30<\/td>\n<td width=\"467\">+ J\u00f3zef Szybka \/2 r. \u015bm.\/<\/td>\n<\/tr>\n<\/tbody>\n<\/table>\n","protected":false},"excerpt":{"rendered":"<p>Poniedzia\u0142ek 29.11.2021 r. &nbsp; 7.00 + Stefani\u0119 Kortyna \/8 r. \u015bm.\/ 17.00 1. + Zdzis\u0142aw Rajter 2. + Tadeusz Zubik of. c\u00f3rka Bogumi\u0142a z rodzin\u0105 Wtorek 30.11.2021 r. &nbsp; 7.00 + Danuta Miko\u0142ajewicz of. brat Stanis\u0142aw 17.00 1. + Stanis\u0142aw Mermer \/26 r. \u015bm.\/ 2. + Karol, Kazimiera Kijowscy \u015aroda<span class=\"more-link\"><a href=\"https:\/\/parafiabesko.pl\/?p=9515\">Czytaj wi\u0119cej<\/a><\/span><\/p>\n","protected":false},"author":1,"featured_media":0,"comment_status":"closed","ping_status":"open","sticky":false,"template":"","format":"standard","meta":{"footnotes":""},"categories":[4],"tags":[],"class_list":["entry","author-adminparafiibesko","post-9515","post","type-post","status-publish","format-standard","category-intencje-mszalne"],"_links":{"self":[{"href":"https:\/\/parafiabesko.pl\/index.php?rest_route=\/wp\/v2\/posts\/9515","targetHints":{"allow":["GET"]}}],"collection":[{"href":"https:\/\/parafiabesko.pl\/index.php?rest_route=\/wp\/v2\/posts"}],"about":[{"href":"https:\/\/parafiabesko.pl\/index.php?rest_route=\/wp\/v2\/types\/post"}],"author":[{"embeddable":true,"href":"https:\/\/parafiabesko.pl\/index.php?rest_route=\/wp\/v2\/users\/1"}],"replies":[{"embeddable":true,"href":"https:\/\/parafiabesko.pl\/index.php?rest_route=%2Fwp%2Fv2%2Fcomments&post=9515"}],"version-history":[{"count":0,"href":"https:\/\/parafiabesko.pl\/index.php?rest_route=\/wp\/v2\/posts\/9515\/revisions"}],"wp:attachment":[{"href":"https:\/\/parafiabesko.pl\/index.php?rest_route=%2Fwp%2Fv2%2Fmedia&parent=9515"}],"wp:term":[{"taxonomy":"category","embeddable":true,"href":"https:\/\/parafiabesko.pl\/index.php?rest_route=%2Fwp%2Fv2%2Fcategories&post=9515"},{"taxonomy":"post_tag","embeddable":true,"href":"https:\/\/parafiabesko.pl\/index.php?rest_route=%2Fwp%2Fv2%2Ftags&post=9515"}],"curies":[{"name":"wp","href":"https:\/\/api.w.org\/{rel}","templated":true}]}}