{"id":9511,"date":"2021-11-20T18:20:52","date_gmt":"2021-11-20T18:20:52","guid":{"rendered":"http:\/\/parafiabesko.pl\/?p=9511"},"modified":"2021-11-20T18:20:52","modified_gmt":"2021-11-20T18:20:52","slug":"ogloszenia-uroczystosc-chrystusa-krola-21-11-2021-r","status":"publish","type":"post","link":"https:\/\/parafiabesko.pl\/?p=9511","title":{"rendered":"Og\u0142oszenia Uroczysto\u015b\u0107 Chrystusa Kr\u00f3la 21.11.2021 r."},"content":{"rendered":"<h5>Dzisiaj <strong>Uroczysto\u015b\u0107 Chrystusa Kr\u00f3la<\/strong> \u2013 ostatnia niedziela roku liturgicznego. Po sumie wystawienie Naj\u015bwi\u0119tszego Sakramentu. Dzisiaj w kaplicy u si\u00f3str felicjanek adoracja Naj\u015bwi\u0119tszego Sakramentu od godziny 8.00 do 15.00. Siostry serdecznie zapraszaj\u0105 na wsp\u00f3ln\u0105 modlitw\u0119.<\/h5>\n<h5>W przysz\u0142\u0105 niedziel\u0119 rozpoczyna si\u0119 <strong>Adwent<\/strong>. W Besku godz. 6.00 Godzinki po nich o 6.30 Msza \u015bw. Pozosta\u0142e Msze \u015bwi\u0119te: 9.15, 11.00 i 16.30. W ko\u015bcio\u0142ach filialnych: Mymo\u0144 8.30, Por\u0119by 10.00.<\/h5>\n<h5>W pierwsz\u0105 niedziel\u0119 Adwentu, po raz kolejny rozpoczyna si\u0119 <strong>Wigilijne Dzie\u0142o Pomocy Dzieciom<\/strong> &#8211; najwi\u0119ksza og\u00f3lnopolska akcja Caritas. Rozprowadzamy w Parafii \u015bwiece z logo Caritas, kt\u00f3re &#8211; mamy nadziej\u0119 &#8211; znajd\u0105 swoje miejsce na wielu wigilijnych sto\u0142ach. Ich p\u0142omie\u0144 jest znakiem solidarno\u015bci z najbardziej potrzebuj\u0105cymi dzie\u0107mi w Polsce i na \u015bwiecie. Po Mszach \u015bwi\u0119tych mo\u017cna naby\u0107 \u015bwiec\u0119 \u201eWigilijne Dzie\u0142o Pomocy Dzieciom\u201d. W przedsionku ko\u015bcio\u0142a pan ko\u015bcielny rozprowadza \u015bwiece Caritas na wigilijny st\u00f3\u0142. Cena \u015bwiecy to r\u00f3wnowarto\u015b\u0107 jednego obiadu dla biednego dziecka \u2013 co najmniej 8 z\u0142.<\/h5>\n<h5>Po Mszach \u015bw. pan organista rozprowadza <strong>na ch\u00f3rze<\/strong> <strong>w ko\u015bciele<\/strong> op\u0142atki wigilijne dla rodzin, kt\u00f3re w ubieg\u0142e lata odwiedza\u0142 w domach. U si\u00f3str zakonnych w op\u0142atki zaopatruje si\u0119 wyznaczona cz\u0119\u015b\u0107 Parafii. Przypominamy, ze ofiary sk\u0142adane przy tej okazji to jest cz\u0119\u015b\u0107 wynagrodzenia za ca\u0142oroczn\u0105 pos\u0142ug\u0119 w naszym ko\u015bciele.<\/h5>\n<h5><strong><u>Apel!<\/u><\/strong><\/h5>\n<h5><strong>\u00a0 Dzisiaj w <u>niedziel\u0119 21 listopada br<\/u>. S\u0105 zbierane ofiary we wszystkich ko\u015bcio\u0142ach i kaplicach, za po\u015brednictwem Caritas Polska \u2013 na rzecz migrant\u00f3w z granicy bia\u0142orusko-polskiej. \u015arodki zbierane podczas og\u00f3lnopolskiej zbi\u00f3rki zostan\u0105 przeznaczone na finansowanie dzia\u0142a\u0144 pomocowych integracji uchod\u017ac\u00f3w, kt\u00f3rzy zdecyduj\u0105 si\u0119 pozosta\u0107 w Polsce.<\/strong><\/h5>\n","protected":false},"excerpt":{"rendered":"<p>Dzisiaj Uroczysto\u015b\u0107 Chrystusa Kr\u00f3la \u2013 ostatnia niedziela roku liturgicznego. Po sumie wystawienie Naj\u015bwi\u0119tszego Sakramentu. Dzisiaj w kaplicy u si\u00f3str felicjanek adoracja Naj\u015bwi\u0119tszego Sakramentu od godziny 8.00 do 15.00. Siostry serdecznie zapraszaj\u0105 na wsp\u00f3ln\u0105 modlitw\u0119. W przysz\u0142\u0105 niedziel\u0119 rozpoczyna si\u0119 Adwent. W Besku godz. 6.00 Godzinki po nich o 6.30 Msza<span class=\"more-link\"><a href=\"https:\/\/parafiabesko.pl\/?p=9511\">Czytaj wi\u0119cej<\/a><\/span><\/p>\n","protected":false},"author":1,"featured_media":0,"comment_status":"closed","ping_status":"open","sticky":false,"template":"","format":"standard","meta":{"footnotes":""},"categories":[7],"tags":[],"class_list":["entry","author-adminparafiibesko","post-9511","post","type-post","status-publish","format-standard","category-ogloszenia-parafialne"],"_links":{"self":[{"href":"https:\/\/parafiabesko.pl\/index.php?rest_route=\/wp\/v2\/posts\/9511","targetHints":{"allow":["GET"]}}],"collection":[{"href":"https:\/\/parafiabesko.pl\/index.php?rest_route=\/wp\/v2\/posts"}],"about":[{"href":"https:\/\/parafiabesko.pl\/index.php?rest_route=\/wp\/v2\/types\/post"}],"author":[{"embeddable":true,"href":"https:\/\/parafiabesko.pl\/index.php?rest_route=\/wp\/v2\/users\/1"}],"replies":[{"embeddable":true,"href":"https:\/\/parafiabesko.pl\/index.php?rest_route=%2Fwp%2Fv2%2Fcomments&post=9511"}],"version-history":[{"count":0,"href":"https:\/\/parafiabesko.pl\/index.php?rest_route=\/wp\/v2\/posts\/9511\/revisions"}],"wp:attachment":[{"href":"https:\/\/parafiabesko.pl\/index.php?rest_route=%2Fwp%2Fv2%2Fmedia&parent=9511"}],"wp:term":[{"taxonomy":"category","embeddable":true,"href":"https:\/\/parafiabesko.pl\/index.php?rest_route=%2Fwp%2Fv2%2Fcategories&post=9511"},{"taxonomy":"post_tag","embeddable":true,"href":"https:\/\/parafiabesko.pl\/index.php?rest_route=%2Fwp%2Fv2%2Ftags&post=9511"}],"curies":[{"name":"wp","href":"https:\/\/api.w.org\/{rel}","templated":true}]}}