{"id":9509,"date":"2021-11-20T18:16:29","date_gmt":"2021-11-20T18:16:29","guid":{"rendered":"http:\/\/parafiabesko.pl\/?p=9509"},"modified":"2021-11-20T18:16:29","modified_gmt":"2021-11-20T18:16:29","slug":"intencje-mszalne-22-28-11-2021-r","status":"publish","type":"post","link":"https:\/\/parafiabesko.pl\/?p=9509","title":{"rendered":"Intencje mszalne 22-28.11.2021 r."},"content":{"rendered":"<table width=\"673\">\n<tbody>\n<tr>\n<td rowspan=\"2\" width=\"141\"><strong>Poniedzia\u0142ek<\/strong><\/p>\n<p>22.11.2021 r.<\/p>\n<p>&nbsp;<\/td>\n<td width=\"65\">7.00<\/td>\n<td width=\"467\">&#8211; wypominkowa<\/td>\n<\/tr>\n<tr>\n<td width=\"65\">18.00<\/td>\n<td width=\"467\">1. + Andrzej Strachocki \/3 r. \u015bm.\/Magdalena, Jan<\/p>\n<p>2. + Les\u0142aw Szajna of. syn Jerzy \/poza Parafi\u0105\/<\/td>\n<\/tr>\n<tr>\n<td rowspan=\"2\" width=\"141\"><strong>Wtorek<\/strong><\/p>\n<p>23.11.2021 r.<\/p>\n<p>&nbsp;<\/td>\n<td width=\"65\">7.00<\/td>\n<td width=\"467\">+ Zofia Sza\u0142ankiewicz of. pracownicy PKP<\/td>\n<\/tr>\n<tr>\n<td width=\"65\">18.00<\/td>\n<td width=\"467\">1. + Aleksander Nowak of. s\u0105siedzi<\/p>\n<p>2. + Danuta Miko\u0142ajewicz of. s\u0105siedzi \/poza Parafi\u0105\/<\/td>\n<\/tr>\n<tr>\n<td rowspan=\"2\" width=\"141\"><strong>\u015aroda<\/strong><\/p>\n<p>24.11.2021 r.<\/p>\n<p>&nbsp;<\/td>\n<td width=\"65\">7.00<\/td>\n<td width=\"467\">+ J\u00f3zef Sza\u0142ankiewicz of GOK w Besku<\/td>\n<\/tr>\n<tr>\n<td width=\"65\">18.00<\/td>\n<td width=\"467\">1. + Stanis\u0142aw Moroczkowski \/1 r. \u015bm.\/<\/p>\n<p>2. + Jan Kielar of. J\u00f3zef Winiarski z rodzin\u0105<\/td>\n<\/tr>\n<tr>\n<td rowspan=\"2\" width=\"141\"><strong>Czwartek<\/strong><\/p>\n<p>25.11.2021 r.<\/p>\n<p>&nbsp;<\/td>\n<td width=\"65\">7.00<\/td>\n<td width=\"467\">+ Micha\u0142 Wn\u0119trzak of. Barbara<\/td>\n<\/tr>\n<tr>\n<td width=\"65\">18.00<\/td>\n<td width=\"467\">1. \u2013 w intencji Panu Bogu wiadomej<\/p>\n<p>2. + Micha\u0142 \/18 r. \u015bm.\/ Krystyna \/1 r. \u015bm.\/Dariusz \/1 r. \u015bm.\/ Raczek of. \u017cona i c\u00f3rka<\/td>\n<\/tr>\n<tr>\n<td rowspan=\"2\" width=\"141\"><strong>Pi\u0105tek<\/strong><\/p>\n<p>26.11.2021 r.<\/p>\n<p>&nbsp;<\/td>\n<td width=\"65\">7.00<\/td>\n<td width=\"467\">+ J\u00f3zef Szul of. rodz. Winiarskich<\/td>\n<\/tr>\n<tr>\n<td width=\"65\">18.00<\/td>\n<td width=\"467\">1. + Grzegorz Suwa\u0142a of. c\u00f3rki Wiktoria i Aleksandra<\/p>\n<p>2. + Wies\u0142aw Gierad \/6 r. \u015bm.\/<\/td>\n<\/tr>\n<tr>\n<td rowspan=\"2\" width=\"141\"><strong>Sobota<\/strong><\/p>\n<p>27.11.2021 r.<\/p>\n<p>&nbsp;<\/td>\n<td width=\"65\">7.00<\/td>\n<td width=\"467\">+ Les\u0142aw Szajna of. wnuki<\/td>\n<\/tr>\n<tr>\n<td width=\"65\">18.00<\/td>\n<td width=\"467\">1. + Janusz Wargocki \/10 r. \u015bm.\/Antoni i Stanis\u0142awa<\/p>\n<p>2. + Henryk, Stanis\u0142aw\u0119 Mularczyk i Ann\u0119<\/td>\n<\/tr>\n<tr>\n<td rowspan=\"4\" width=\"141\"><strong>Niedziela<\/strong><\/p>\n<p>28.11.2021 r.<\/p>\n<p>&nbsp;<\/td>\n<td width=\"65\">6.30<\/td>\n<td width=\"467\">+ J\u00f3zef Sza\u0142ankiewicz<\/td>\n<\/tr>\n<tr>\n<td width=\"65\">9.15<\/td>\n<td width=\"467\">+ Eugeniusz Marchel \/16 r. \u015bm.\/ i zm. rodzice<\/td>\n<\/tr>\n<tr>\n<td width=\"65\">11.00<\/td>\n<td width=\"467\"><strong>Za Parafian<\/strong><\/td>\n<\/tr>\n<tr>\n<td width=\"65\">16.30<\/td>\n<td width=\"467\">+ Jan Bigos \/42 r. \u015bm.\/ i Kazimier\u0119<\/td>\n<\/tr>\n<\/tbody>\n<\/table>\n","protected":false},"excerpt":{"rendered":"<p>Poniedzia\u0142ek 22.11.2021 r. &nbsp; 7.00 &#8211; wypominkowa 18.00 1. + Andrzej Strachocki \/3 r. \u015bm.\/Magdalena, Jan 2. + Les\u0142aw Szajna of. syn Jerzy \/poza Parafi\u0105\/ Wtorek 23.11.2021 r. &nbsp; 7.00 + Zofia Sza\u0142ankiewicz of. pracownicy PKP 18.00 1. + Aleksander Nowak of. s\u0105siedzi 2. + Danuta Miko\u0142ajewicz of. s\u0105siedzi \/poza<span class=\"more-link\"><a href=\"https:\/\/parafiabesko.pl\/?p=9509\">Czytaj wi\u0119cej<\/a><\/span><\/p>\n","protected":false},"author":1,"featured_media":0,"comment_status":"closed","ping_status":"open","sticky":false,"template":"","format":"standard","meta":{"footnotes":""},"categories":[4],"tags":[],"class_list":["entry","author-adminparafiibesko","post-9509","post","type-post","status-publish","format-standard","category-intencje-mszalne"],"_links":{"self":[{"href":"https:\/\/parafiabesko.pl\/index.php?rest_route=\/wp\/v2\/posts\/9509","targetHints":{"allow":["GET"]}}],"collection":[{"href":"https:\/\/parafiabesko.pl\/index.php?rest_route=\/wp\/v2\/posts"}],"about":[{"href":"https:\/\/parafiabesko.pl\/index.php?rest_route=\/wp\/v2\/types\/post"}],"author":[{"embeddable":true,"href":"https:\/\/parafiabesko.pl\/index.php?rest_route=\/wp\/v2\/users\/1"}],"replies":[{"embeddable":true,"href":"https:\/\/parafiabesko.pl\/index.php?rest_route=%2Fwp%2Fv2%2Fcomments&post=9509"}],"version-history":[{"count":0,"href":"https:\/\/parafiabesko.pl\/index.php?rest_route=\/wp\/v2\/posts\/9509\/revisions"}],"wp:attachment":[{"href":"https:\/\/parafiabesko.pl\/index.php?rest_route=%2Fwp%2Fv2%2Fmedia&parent=9509"}],"wp:term":[{"taxonomy":"category","embeddable":true,"href":"https:\/\/parafiabesko.pl\/index.php?rest_route=%2Fwp%2Fv2%2Fcategories&post=9509"},{"taxonomy":"post_tag","embeddable":true,"href":"https:\/\/parafiabesko.pl\/index.php?rest_route=%2Fwp%2Fv2%2Ftags&post=9509"}],"curies":[{"name":"wp","href":"https:\/\/api.w.org\/{rel}","templated":true}]}}