{"id":9506,"date":"2021-11-14T18:21:36","date_gmt":"2021-11-14T18:21:36","guid":{"rendered":"http:\/\/parafiabesko.pl\/?p=9506"},"modified":"2021-11-14T18:21:36","modified_gmt":"2021-11-14T18:21:36","slug":"ogloszenia-14-11-2021-r","status":"publish","type":"post","link":"https:\/\/parafiabesko.pl\/?p=9506","title":{"rendered":"Og\u0142oszenia 14.11.2021 r."},"content":{"rendered":"<h5><strong>33 Niedziela Zwyk\u0142a <\/strong><strong>14.11.2021 r.<\/strong><\/h5>\n<p>&nbsp;<\/p>\n<h5>Nabo\u017ce\u0144stwo wypominkowe codziennie po Mszy \u015bw. wieczorowej.<\/h5>\n<h5>Za tydzie\u0144 uroczysto\u015b\u0107 Chrystusa Kr\u00f3la \u2013 ostatnia niedziela roku liturgicznego.\u00a0 W kaplicy si\u00f3str felicjanek od godziny 8.00 do 15.00 adoracja Naj\u015bwi\u0119tszego Sakramentu. Siostry zapraszaj\u0105 na wsp\u00f3ln\u0105 modlitw\u0119.<\/h5>\n<h5>Taca z przysz\u0142ej niedzieli przeznaczona na pomoc dla ksi\u0119\u017cy emeryt\u00f3w oraz dla domu Ksi\u0119\u017cy Emeryt\u00f3w \u2013 EMAUS.<\/h5>\n<h5><strong><u>Apel!<\/u><\/strong><\/h5>\n<h5><strong>\u00a0\u00a0 Docieraj\u0105cy nad nasz\u0105 granic\u0119 migranci s\u0105 ofiarami niedopuszczalnych rozgrywek w polityce mi\u0119dzynarodowej. Bez wzgl\u0119du jednak na okoliczno\u015bci ich przybycia, na pewno potrzebuj\u0105 oni naszego wsparcia duchowego i materialnego. Od pocz\u0105tku kryzysu migracyjnego Ko\u015bci\u00f3\u0142 w Polsce \u2013 za po\u015brednictwem Caritas Polska, Caritas diecezjalnych oraz Delegata KEP ds. migracji \u2013 \u015bwiadczy w miar\u0119 swoich mo\u017cliwo\u015bci tak\u0105 pomoc. W tym momencie realizowane jest wsparcie o\u015brodk\u00f3w dla cudzoziemc\u00f3w, wsparcie Przygranicznych Plac\u00f3wek Stra\u017cy Granicznej, w kt\u00f3rych przebywaj\u0105 migranci i uchod\u017acy, w parafii przygranicznej s\u0105 te\u017c uruchamiane Namioty Nadziei Caritas Polska, w kt\u00f3rych wolontariusze b\u0119d\u0105 na bie\u017c\u0105co reagowa\u0107 na potrzeby zwi\u0105zane z kryzysem. <\/strong><strong>Potrzeby s\u0105 jednak zdecydowanie wi\u0119ksze, dlatego zwracamy si\u0119 do wiernych oraz wszystkich ludzi dobrej woli z pro\u015bb\u0105 o og\u00f3lnopolsk\u0105 zbi\u00f3rk\u0119 funduszy \u2013 w <u>niedziel\u0119 21 listopada br<\/u>. we wszystkich ko\u015bcio\u0142ach i kaplicach, za po\u015brednictwem Caritas Polska \u2013 na rzecz migrant\u00f3w z granicy bia\u0142orusko-polskiej. \u015arodki zbierane podczas og\u00f3lnopolskiej zbi\u00f3rki zostan\u0105 przeznaczone na finansowanie dzia\u0142a\u0144 pomocowych integracji uchod\u017ac\u00f3w, kt\u00f3rzy zdecyduj\u0105 si\u0119 pozosta\u0107 w Polsce.<\/strong><\/h5>\n","protected":false},"excerpt":{"rendered":"<p>33 Niedziela Zwyk\u0142a 14.11.2021 r. &nbsp; Nabo\u017ce\u0144stwo wypominkowe codziennie po Mszy \u015bw. wieczorowej. Za tydzie\u0144 uroczysto\u015b\u0107 Chrystusa Kr\u00f3la \u2013 ostatnia niedziela roku liturgicznego.\u00a0 W kaplicy si\u00f3str felicjanek od godziny 8.00 do 15.00 adoracja Naj\u015bwi\u0119tszego Sakramentu. Siostry zapraszaj\u0105 na wsp\u00f3ln\u0105 modlitw\u0119. Taca z przysz\u0142ej niedzieli przeznaczona na pomoc dla ksi\u0119\u017cy emeryt\u00f3w<span class=\"more-link\"><a href=\"https:\/\/parafiabesko.pl\/?p=9506\">Czytaj wi\u0119cej<\/a><\/span><\/p>\n","protected":false},"author":1,"featured_media":0,"comment_status":"closed","ping_status":"open","sticky":false,"template":"","format":"standard","meta":{"footnotes":""},"categories":[7],"tags":[],"class_list":["entry","author-adminparafiibesko","post-9506","post","type-post","status-publish","format-standard","category-ogloszenia-parafialne"],"_links":{"self":[{"href":"https:\/\/parafiabesko.pl\/index.php?rest_route=\/wp\/v2\/posts\/9506","targetHints":{"allow":["GET"]}}],"collection":[{"href":"https:\/\/parafiabesko.pl\/index.php?rest_route=\/wp\/v2\/posts"}],"about":[{"href":"https:\/\/parafiabesko.pl\/index.php?rest_route=\/wp\/v2\/types\/post"}],"author":[{"embeddable":true,"href":"https:\/\/parafiabesko.pl\/index.php?rest_route=\/wp\/v2\/users\/1"}],"replies":[{"embeddable":true,"href":"https:\/\/parafiabesko.pl\/index.php?rest_route=%2Fwp%2Fv2%2Fcomments&post=9506"}],"version-history":[{"count":0,"href":"https:\/\/parafiabesko.pl\/index.php?rest_route=\/wp\/v2\/posts\/9506\/revisions"}],"wp:attachment":[{"href":"https:\/\/parafiabesko.pl\/index.php?rest_route=%2Fwp%2Fv2%2Fmedia&parent=9506"}],"wp:term":[{"taxonomy":"category","embeddable":true,"href":"https:\/\/parafiabesko.pl\/index.php?rest_route=%2Fwp%2Fv2%2Fcategories&post=9506"},{"taxonomy":"post_tag","embeddable":true,"href":"https:\/\/parafiabesko.pl\/index.php?rest_route=%2Fwp%2Fv2%2Ftags&post=9506"}],"curies":[{"name":"wp","href":"https:\/\/api.w.org\/{rel}","templated":true}]}}