{"id":9504,"date":"2021-11-14T18:16:34","date_gmt":"2021-11-14T18:16:34","guid":{"rendered":"http:\/\/parafiabesko.pl\/?p=9504"},"modified":"2021-11-14T18:16:34","modified_gmt":"2021-11-14T18:16:34","slug":"intencje-mszalne-15-21-11-2021-r","status":"publish","type":"post","link":"https:\/\/parafiabesko.pl\/?p=9504","title":{"rendered":"Intencje mszalne 15-21.11.2021 r."},"content":{"rendered":"<table width=\"631\">\n<tbody>\n<tr>\n<td colspan=\"3\" width=\"631\"><strong>INTENCJE MSZALNE <\/strong>15-21.11.2021 r.<\/td>\n<\/tr>\n<tr>\n<td rowspan=\"2\" width=\"132\"><strong>Poniedzia\u0142ek<\/strong><\/p>\n<p>15.11.2021 r.<\/p>\n<p>&nbsp;<\/td>\n<td width=\"61\">7.00<\/td>\n<td width=\"439\">+ J\u00f3zef Sza\u0142ankiewicz of. s\u0105siedzi z ul. B\u0142onie<\/td>\n<\/tr>\n<tr>\n<td width=\"61\">17.00<\/td>\n<td width=\"439\">1. + Micha\u0142 Wn\u0119trzak of. brat Stanis\u0142aw z rodzin\u0105<\/p>\n<p>2. + Aleksander Nowak of. s\u0105siedzi z ul. B\u0142onie<\/td>\n<\/tr>\n<tr>\n<td rowspan=\"2\" width=\"132\"><strong>Wtorek<\/strong><\/p>\n<p>16.11.2021 r.<\/p>\n<p>&nbsp;<\/td>\n<td width=\"61\">7.00<\/td>\n<td width=\"439\">+ Stanis\u0142aw, Edward, \u0141ukasz, Maria<\/td>\n<\/tr>\n<tr>\n<td width=\"61\">17.00<\/td>\n<td width=\"439\">1. + Maria, Stanis\u0142aw Kornasiewicz i zm. rodze\u0144stwo<\/p>\n<p>2. + Grzegorz Suwa\u0142a of. \u017cona \/poza Parafi\u0105\/<\/td>\n<\/tr>\n<tr>\n<td rowspan=\"2\" width=\"132\"><strong>\u015aroda<\/strong><\/p>\n<p>17.11.2021 r.<\/p>\n<p>&nbsp;<\/td>\n<td width=\"61\">7.00<\/td>\n<td width=\"439\">+ Jan Kielar of. rodzina Marsza\u0142ek<\/td>\n<\/tr>\n<tr>\n<td width=\"61\">17.00<\/td>\n<td width=\"439\">1. + Jerzy Wajs<\/p>\n<p>2. + J\u00f3zef Szul od. Rodzina Ja\u015blar \/poza Parafi\u0105\/<\/td>\n<\/tr>\n<tr>\n<td rowspan=\"2\" width=\"132\"><strong>Czwartek<\/strong><\/p>\n<p>18.11.2021 r.<\/td>\n<td width=\"61\">7.00<\/td>\n<td width=\"439\">+ Les\u0142aw Szajna<\/td>\n<\/tr>\n<tr>\n<td width=\"61\">17.00<\/td>\n<td width=\"439\">1. + Zofia Kornasiewicz of. Klub Seniora<\/p>\n<p>2. + Aleksander Nowak of. s\u0105siedzi z ul. Kolejowej \/poza Parafi\u0105\/<\/td>\n<\/tr>\n<tr>\n<td rowspan=\"2\" width=\"132\"><strong>Pi\u0105tek<\/strong><\/p>\n<p>19.11.2021 r.<\/p>\n<p>&nbsp;<\/td>\n<td width=\"61\">7.00<\/td>\n<td width=\"439\">+ Danuta Miko\u0142ajewicz of. S\u0105siedzi z ul.\u00a0 Ja\u015bminowa i Kolejowa<\/td>\n<\/tr>\n<tr>\n<td width=\"61\">17.00<\/td>\n<td width=\"439\"><sub>1.+ J\u00f3zef Sza\u0142ankiewicz of. Dojrza\u0142a schola<\/sub><\/p>\n<p><sub>2. + Micha\u0142 Wn\u0119trzak of. Joanna z rodzin\u0105 \/poza Parafi\u0105\/<\/sub><\/td>\n<\/tr>\n<tr>\n<td rowspan=\"2\" width=\"132\"><strong>Sobota<\/strong><\/p>\n<p>20.11.2021 r.<\/p>\n<p>&nbsp;<\/td>\n<td width=\"61\">7.00<\/td>\n<td width=\"439\">+ Jan Kielar of. brat Adam z rodzin\u0105<\/td>\n<\/tr>\n<tr>\n<td width=\"61\">17.00<\/td>\n<td width=\"439\">1. Roman, Kazimiera Oberc i zm. z rodziny<\/p>\n<p>2.+ J\u00f3zef Szul of. pracownicy Nasza Chata<\/td>\n<\/tr>\n<tr>\n<td rowspan=\"4\" width=\"132\"><strong>Niedziela<\/strong><\/p>\n<p>21.11.2021 r.<\/p>\n<p>&nbsp;<\/td>\n<td width=\"61\">7.30<\/td>\n<td width=\"439\">+ Kazimierz Szcz\u0119sny<\/td>\n<\/tr>\n<tr>\n<td width=\"61\">9.15<\/td>\n<td width=\"439\">+ Marian Jasi\u0144ski i zm. z obu stron<\/td>\n<\/tr>\n<tr>\n<td width=\"61\">11.00<\/td>\n<td width=\"439\"><strong>Za parafian<\/strong><\/td>\n<\/tr>\n<tr>\n<td width=\"61\">16.30<\/td>\n<td width=\"439\">&#8211; W 18 urodziny Jagody o b\u0142og. Bo\u017ce i opiek\u0119 M. Bo\u017cej w doros\u0142ym \u017cyciu<\/td>\n<\/tr>\n<\/tbody>\n<\/table>\n","protected":false},"excerpt":{"rendered":"<p>INTENCJE MSZALNE 15-21.11.2021 r. Poniedzia\u0142ek 15.11.2021 r. &nbsp; 7.00 + J\u00f3zef Sza\u0142ankiewicz of. s\u0105siedzi z ul. B\u0142onie 17.00 1. + Micha\u0142 Wn\u0119trzak of. brat Stanis\u0142aw z rodzin\u0105 2. + Aleksander Nowak of. s\u0105siedzi z ul. B\u0142onie Wtorek 16.11.2021 r. &nbsp; 7.00 + Stanis\u0142aw, Edward, \u0141ukasz, Maria 17.00 1. + Maria,<span class=\"more-link\"><a href=\"https:\/\/parafiabesko.pl\/?p=9504\">Czytaj wi\u0119cej<\/a><\/span><\/p>\n","protected":false},"author":1,"featured_media":0,"comment_status":"closed","ping_status":"open","sticky":false,"template":"","format":"standard","meta":{"footnotes":""},"categories":[4],"tags":[],"class_list":["entry","author-adminparafiibesko","post-9504","post","type-post","status-publish","format-standard","category-intencje-mszalne"],"_links":{"self":[{"href":"https:\/\/parafiabesko.pl\/index.php?rest_route=\/wp\/v2\/posts\/9504","targetHints":{"allow":["GET"]}}],"collection":[{"href":"https:\/\/parafiabesko.pl\/index.php?rest_route=\/wp\/v2\/posts"}],"about":[{"href":"https:\/\/parafiabesko.pl\/index.php?rest_route=\/wp\/v2\/types\/post"}],"author":[{"embeddable":true,"href":"https:\/\/parafiabesko.pl\/index.php?rest_route=\/wp\/v2\/users\/1"}],"replies":[{"embeddable":true,"href":"https:\/\/parafiabesko.pl\/index.php?rest_route=%2Fwp%2Fv2%2Fcomments&post=9504"}],"version-history":[{"count":0,"href":"https:\/\/parafiabesko.pl\/index.php?rest_route=\/wp\/v2\/posts\/9504\/revisions"}],"wp:attachment":[{"href":"https:\/\/parafiabesko.pl\/index.php?rest_route=%2Fwp%2Fv2%2Fmedia&parent=9504"}],"wp:term":[{"taxonomy":"category","embeddable":true,"href":"https:\/\/parafiabesko.pl\/index.php?rest_route=%2Fwp%2Fv2%2Fcategories&post=9504"},{"taxonomy":"post_tag","embeddable":true,"href":"https:\/\/parafiabesko.pl\/index.php?rest_route=%2Fwp%2Fv2%2Ftags&post=9504"}],"curies":[{"name":"wp","href":"https:\/\/api.w.org\/{rel}","templated":true}]}}