{"id":9502,"date":"2021-11-07T18:05:13","date_gmt":"2021-11-07T18:05:13","guid":{"rendered":"http:\/\/parafiabesko.pl\/?p=9502"},"modified":"2021-11-07T18:05:13","modified_gmt":"2021-11-07T18:05:13","slug":"ogloszenia-parafialne-7-11-2021-r","status":"publish","type":"post","link":"https:\/\/parafiabesko.pl\/?p=9502","title":{"rendered":"Og\u0142oszenia parafialne 7.11.2021 r."},"content":{"rendered":"<h5>32 Niedziela zwyk\u0142a 7.11.2021 r.<\/h5>\n<h5>Dzisiaj <strong>Niedziela Adoracyjna<\/strong>, od godziny 12.00 do 16.00 prywatna adoracja rodzin naszej Parafii. O godzinie 16.00 nabo\u017ce\u0144stwo r\u00f3\u017ca\u0144cowe i zmiana tajemnic adoruje r\u00f3\u017ca Niepokalanego Serca NMP prze\u0142o\u017cona Zofia Szul.<\/h5>\n<h5>Taca z dzisiejszej niedzieli przeznaczona jest na potrzeby Archidiecezji.<\/h5>\n<h5>Jutro w poniedzia\u0142ek 8 listopada Mszy \u015bw. wieczorowej nie b\u0119dzie ze wzgl\u0119du na kap\u0142a\u0144sk\u0105 kongregacj\u0119 rejonow\u0105 w Sanoku.<\/h5>\n<h5>W czwartek 11 listopada <strong>Narodowe \u015awi\u0119to Niepodleg\u0142o\u015bci<\/strong>. Dzie\u0144 wdzi\u0119czno\u015bci za wielokrotnie odzyskiwan\u0105 niepodleg\u0142o\u015b\u0107. Zapraszamy Parafian na <strong>Uroczysto\u015bci Powiatowe<\/strong> &#8211; Msz\u0119 \u015bwi\u0119t\u0105 w Besku o godzinie 14.00 a po niej apel poleg\u0142ych i z\u0142o\u017cenie wie\u0144c\u00f3w na cmentarzu parafialnym w Besku, przy obelisku upami\u0119tniaj\u0105cym poleg\u0142ych \u017co\u0142nierzy pierwszej i drugiej wojny \u015bwiatowej.<\/h5>\n<h5><strong>\u00a0<\/strong>Na chrzcielnicy s\u0105 wy\u0142o\u017cone kartki wspominkowe na kt\u00f3rych wpisujemy rodzin\u0119, kt\u00f3ra imienne poleca swoich bliskich zmar\u0142ych. W miesi\u0105cu listopadzie modlimy si\u0119 w \u015bwi\u0105tyni za tych zmar\u0142ych w modlitwie wspominkowej. Wype\u0142nione kartki wspominkowe sk\u0142adamy u ksi\u0119\u017cy wikariuszy.<\/h5>\n<h5><strong><u>Og\u0142oszenie grzeczno\u015bciowe<\/u><\/strong> Zwracamy si\u0119 do Parafian z serdeczn\u0105 pro\u015bb\u0105, aby, gdy przyjdzie czas usuni\u0119cia z grob\u00f3w \u017cywych kwiat\u00f3w po uschni\u0119ciu, \u00a0to bardzo prosimy oddzieli\u0107 cz\u0119\u015bci plastikowe jak: doniczka, folia czy szarfa\u00a0\u00a0\u00a0\u00a0\u00a0 \u00a0i wrzuci\u0107 do kontenera na to przeznaczonego, natomiast cz\u0119\u015bci organiczne, jak zwi\u0119d\u0142e kwiaty wraz z korzeniami i ziemi\u0105 z\u0142o\u017cy\u0107 za kontenerami. U\u0142atwi \u00a0\u00a0\u00a0\u00a0\u00a0\u00a0\u00a0to prac\u0119 i oszcz\u0119dzi koszty usuwania odpad\u00f3w z cmentarza. Za zrozumienie i zastosowanie si\u0119 do tej pro\u015bby serdecznie dzi\u0119kujemy.<\/h5>\n","protected":false},"excerpt":{"rendered":"<p>32 Niedziela zwyk\u0142a 7.11.2021 r. Dzisiaj Niedziela Adoracyjna, od godziny 12.00 do 16.00 prywatna adoracja rodzin naszej Parafii. O godzinie 16.00 nabo\u017ce\u0144stwo r\u00f3\u017ca\u0144cowe i zmiana tajemnic adoruje r\u00f3\u017ca Niepokalanego Serca NMP prze\u0142o\u017cona Zofia Szul. Taca z dzisiejszej niedzieli przeznaczona jest na potrzeby Archidiecezji. Jutro w poniedzia\u0142ek 8 listopada Mszy \u015bw.<span class=\"more-link\"><a href=\"https:\/\/parafiabesko.pl\/?p=9502\">Czytaj wi\u0119cej<\/a><\/span><\/p>\n","protected":false},"author":1,"featured_media":0,"comment_status":"closed","ping_status":"open","sticky":false,"template":"","format":"standard","meta":{"footnotes":""},"categories":[7],"tags":[],"class_list":["entry","author-adminparafiibesko","post-9502","post","type-post","status-publish","format-standard","category-ogloszenia-parafialne"],"_links":{"self":[{"href":"https:\/\/parafiabesko.pl\/index.php?rest_route=\/wp\/v2\/posts\/9502","targetHints":{"allow":["GET"]}}],"collection":[{"href":"https:\/\/parafiabesko.pl\/index.php?rest_route=\/wp\/v2\/posts"}],"about":[{"href":"https:\/\/parafiabesko.pl\/index.php?rest_route=\/wp\/v2\/types\/post"}],"author":[{"embeddable":true,"href":"https:\/\/parafiabesko.pl\/index.php?rest_route=\/wp\/v2\/users\/1"}],"replies":[{"embeddable":true,"href":"https:\/\/parafiabesko.pl\/index.php?rest_route=%2Fwp%2Fv2%2Fcomments&post=9502"}],"version-history":[{"count":0,"href":"https:\/\/parafiabesko.pl\/index.php?rest_route=\/wp\/v2\/posts\/9502\/revisions"}],"wp:attachment":[{"href":"https:\/\/parafiabesko.pl\/index.php?rest_route=%2Fwp%2Fv2%2Fmedia&parent=9502"}],"wp:term":[{"taxonomy":"category","embeddable":true,"href":"https:\/\/parafiabesko.pl\/index.php?rest_route=%2Fwp%2Fv2%2Fcategories&post=9502"},{"taxonomy":"post_tag","embeddable":true,"href":"https:\/\/parafiabesko.pl\/index.php?rest_route=%2Fwp%2Fv2%2Ftags&post=9502"}],"curies":[{"name":"wp","href":"https:\/\/api.w.org\/{rel}","templated":true}]}}