{"id":9500,"date":"2021-11-07T18:02:14","date_gmt":"2021-11-07T18:02:14","guid":{"rendered":"http:\/\/parafiabesko.pl\/?p=9500"},"modified":"2021-11-07T18:02:14","modified_gmt":"2021-11-07T18:02:14","slug":"intencje-mszalne-8-14-11-2021-r","status":"publish","type":"post","link":"https:\/\/parafiabesko.pl\/?p=9500","title":{"rendered":"Intencje mszalne 8 -14.11.2021 r."},"content":{"rendered":"<table width=\"631\">\n<tbody>\n<tr>\n<td colspan=\"3\" width=\"631\"><strong>INTENCJE MSZALNE <\/strong>8-14.11.2021 r.<\/td>\n<\/tr>\n<tr>\n<td rowspan=\"2\" width=\"132\"><strong>Poniedzia\u0142ek<\/strong><\/p>\n<p>8.11.2021 r.<\/p>\n<p>&nbsp;<\/td>\n<td width=\"61\">7.00<\/td>\n<td width=\"439\">1. + Micha\u0142 Wn\u0119trzak of. siostra Teresa z rodzin\u0105<\/p>\n<p>2. + Zofia, Edward Stapi\u0144ski<\/p>\n<p>3. + Wypominkowa<\/td>\n<\/tr>\n<tr>\n<td width=\"61\">17.00<\/td>\n<td width=\"439\">&#8212;&#8212;&#8212;&#8212;&#8212;&#8212;&#8212;&#8212;<\/td>\n<\/tr>\n<tr>\n<td rowspan=\"2\" width=\"132\"><strong>Wtorek<\/strong><\/p>\n<p>9.11.2021 r.<\/p>\n<p>&nbsp;<\/td>\n<td width=\"61\">7.00<\/td>\n<td width=\"439\">+ Jan Kielar of. Brat Marian z rodzn\u0105<\/td>\n<\/tr>\n<tr>\n<td width=\"61\">17.00<\/td>\n<td width=\"439\">1. + Tadeusz Nycz<\/p>\n<p>2.\u00a0 W 18 urodziny Jakuba z pro\u015bb\u0105 o opiek\u0119 Bo\u017c\u0105 w doros\u0142ym \u017cyciu of. rodzice<\/td>\n<\/tr>\n<tr>\n<td rowspan=\"2\" width=\"132\"><strong>\u015aroda<\/strong><\/p>\n<p>10.11.2021 r.<\/p>\n<p>&nbsp;<\/td>\n<td width=\"61\">7.00<\/td>\n<td width=\"439\">+ Les\u0142aw, Augustyn Szajna of. c\u00f3rka Magdalena<\/td>\n<\/tr>\n<tr>\n<td width=\"61\">17.00<\/td>\n<td width=\"439\">1. + Antonina, Stanis\u0142aw Mikos<\/p>\n<p>2. Z okazji 70 urodzin Krystyny z pro\u015bb\u0105 o b\u0142og. Bo\u017ce i opiek\u0119 M. Bozej<\/td>\n<\/tr>\n<tr>\n<td rowspan=\"2\" width=\"132\"><strong>Czwartek<\/strong><\/p>\n<p>11.11.2021 r.<\/p>\n<p><strong>\u015awi\u0119to<\/strong><\/p>\n<p><strong>Niepodleg\u0142o\u015bci<\/strong><\/p>\n<p>&nbsp;<\/td>\n<td width=\"61\">7.00<\/td>\n<td width=\"439\">+ Czes\u0142awa Ku\u0144ka<\/td>\n<\/tr>\n<tr>\n<td width=\"61\"><strong>14.00<\/strong><\/p>\n<p>&nbsp;<\/p>\n<p>17.00<\/td>\n<td width=\"439\"><strong>W intencji Ojczyzny<\/strong><\/p>\n<p>&nbsp;<\/p>\n<p>+ za zmar\u0142e siostry z r\u00f3\u017cy Bronis\u0142awy Ziemia\u0144skiej<\/td>\n<\/tr>\n<tr>\n<td rowspan=\"2\" width=\"132\"><strong>Pi\u0105tek<\/strong><\/p>\n<p>12.11.2021 r.<\/p>\n<p>&nbsp;<\/td>\n<td width=\"61\">7.00<\/td>\n<td width=\"439\">+ Edward Knurek \/1r. \u015bm.\/<\/td>\n<\/tr>\n<tr>\n<td width=\"61\">17.00<\/td>\n<td width=\"439\">1. + Aleksander Nowak of. s\u0105siedzi z ul. B\u0142onie<\/p>\n<p>2. + J\u00f3zef Szul of. rodzina Zubik<\/td>\n<\/tr>\n<tr>\n<td rowspan=\"2\" width=\"132\"><strong>Sobota<\/strong><\/p>\n<p>13.11.2021 r.<\/p>\n<p>&nbsp;<\/td>\n<td width=\"61\">7.00<\/td>\n<td width=\"439\">+ Katarzyna, Miko\u0142aj<\/td>\n<\/tr>\n<tr>\n<td width=\"61\">17.00<\/td>\n<td width=\"439\">1. + Stanis\u0142aw Folcik i zm. rodzice<\/p>\n<p>2. + Zofia Sza\u0142ankiewicz of. syn Miron z rodzin\u0105<\/td>\n<\/tr>\n<tr>\n<td rowspan=\"4\" width=\"132\"><strong>Niedziela<\/strong><\/p>\n<p>14.11.2021 r.<\/p>\n<p>&nbsp;<\/td>\n<td width=\"61\">7.30<\/td>\n<td width=\"439\">+ Zbigniew i zm. z rodziny<\/td>\n<\/tr>\n<tr>\n<td width=\"61\">9.15<\/td>\n<td width=\"439\">+ Andrzej Kocha\u0144ski \/14 r. \u015bm.\/ i Zofia<\/td>\n<\/tr>\n<tr>\n<td width=\"61\">11.00<\/td>\n<td width=\"439\"><strong>Za Parafian<\/strong><\/td>\n<\/tr>\n<tr>\n<td width=\"61\">16.30<\/td>\n<td width=\"439\">+ J\u00f3zef, J\u00f3zef\u0119 Szybka \/17 r. \u015bm.\/ i zm. z rodziny<\/td>\n<\/tr>\n<\/tbody>\n<\/table>\n","protected":false},"excerpt":{"rendered":"<p>INTENCJE MSZALNE 8-14.11.2021 r. Poniedzia\u0142ek 8.11.2021 r. &nbsp; 7.00 1. + Micha\u0142 Wn\u0119trzak of. siostra Teresa z rodzin\u0105 2. + Zofia, Edward Stapi\u0144ski 3. + Wypominkowa 17.00 &#8212;&#8212;&#8212;&#8212;&#8212;&#8212;&#8212;&#8212; Wtorek 9.11.2021 r. &nbsp; 7.00 + Jan Kielar of. Brat Marian z rodzn\u0105 17.00 1. + Tadeusz Nycz 2.\u00a0 W 18 urodziny<span class=\"more-link\"><a href=\"https:\/\/parafiabesko.pl\/?p=9500\">Czytaj wi\u0119cej<\/a><\/span><\/p>\n","protected":false},"author":1,"featured_media":0,"comment_status":"closed","ping_status":"open","sticky":false,"template":"","format":"standard","meta":{"footnotes":""},"categories":[4],"tags":[],"class_list":["entry","author-adminparafiibesko","post-9500","post","type-post","status-publish","format-standard","category-intencje-mszalne"],"_links":{"self":[{"href":"https:\/\/parafiabesko.pl\/index.php?rest_route=\/wp\/v2\/posts\/9500","targetHints":{"allow":["GET"]}}],"collection":[{"href":"https:\/\/parafiabesko.pl\/index.php?rest_route=\/wp\/v2\/posts"}],"about":[{"href":"https:\/\/parafiabesko.pl\/index.php?rest_route=\/wp\/v2\/types\/post"}],"author":[{"embeddable":true,"href":"https:\/\/parafiabesko.pl\/index.php?rest_route=\/wp\/v2\/users\/1"}],"replies":[{"embeddable":true,"href":"https:\/\/parafiabesko.pl\/index.php?rest_route=%2Fwp%2Fv2%2Fcomments&post=9500"}],"version-history":[{"count":0,"href":"https:\/\/parafiabesko.pl\/index.php?rest_route=\/wp\/v2\/posts\/9500\/revisions"}],"wp:attachment":[{"href":"https:\/\/parafiabesko.pl\/index.php?rest_route=%2Fwp%2Fv2%2Fmedia&parent=9500"}],"wp:term":[{"taxonomy":"category","embeddable":true,"href":"https:\/\/parafiabesko.pl\/index.php?rest_route=%2Fwp%2Fv2%2Fcategories&post=9500"},{"taxonomy":"post_tag","embeddable":true,"href":"https:\/\/parafiabesko.pl\/index.php?rest_route=%2Fwp%2Fv2%2Ftags&post=9500"}],"curies":[{"name":"wp","href":"https:\/\/api.w.org\/{rel}","templated":true}]}}