{"id":9497,"date":"2021-10-31T19:39:42","date_gmt":"2021-10-31T19:39:42","guid":{"rendered":"http:\/\/parafiabesko.pl\/?p=9497"},"modified":"2021-10-31T19:39:42","modified_gmt":"2021-10-31T19:39:42","slug":"ogloszenia-parafialne-31-10-2021-r","status":"publish","type":"post","link":"https:\/\/parafiabesko.pl\/?p=9497","title":{"rendered":"Og\u0142oszenia parafialne 31.10.2021 r."},"content":{"rendered":"<h5>31 Niedziela zwyk\u0142a<\/h5>\n<h5>31.10.2021 r.<\/h5>\n<p>&nbsp;<\/p>\n<h5>Jutro <strong>1 listopada Uroczysto\u015b\u0107 Wszystkich \u015awi\u0119tych<\/strong>. Porz\u0105dek Mszy \u015bwi\u0119tych:<\/h5>\n<h5><strong>Besko:<\/strong> 7.30, 9.15, 11.00. Zapraszamy po po\u0142udniu do ko\u015bcio\u0142a parafialnego na godz. 14.00 na Msz\u0119 \u015bw. za zmar\u0142ych Parafian, a\u00a0 po niej \u017ca\u0142obna procesja na cmentarz.<\/h5>\n<h5>Ko\u015bcio\u0142y filialne:<\/h5>\n<h5><strong>Mymo\u0144<\/strong>\u00a0 &#8211; 8.30 Msza \u015bw. i procesja \u017ca\u0142obna na cmentarz<\/h5>\n<h5><strong>Por\u0119by<\/strong> &#8211; 10.00 Msza \u015bw.<\/h5>\n<p>&nbsp;<\/p>\n<h5>Tradycyjne w Uroczysto\u015b\u0107 Wszystkich \u015awi\u0119tych przed cmentarzem parafialnym w Besku zbierane s\u0105 ofiary na PCK w Besku i Fundacj\u0119 \u201eWzrastanie\u201d.<\/h5>\n<p>&nbsp;<\/p>\n<h5>Miesi\u0105c listopad, stanowi okazj\u0119 do uzyskania odpustu zupe\u0142nego i ofiarowania go za zmar\u0142ych. <strong>W bie\u017c\u0105cym roku, w aktualnych okoliczno\u015bciach spowodowanych pandemi\u0105 COVID-19,\u00a0odpusty zupe\u0142ne dla wiernych zmar\u0142ych b\u0119dzie mo\u017cna uzyska\u0107 przez ca\u0142y listopad,\u00a0przy zmienionych warunkach i dostosowanych do sytuacji dzie\u0142ach pobo\u017cnych, aby zapewni\u0107 bezpiecze\u0144stwo wiernych.<\/strong><\/h5>\n<p>&nbsp;<\/p>\n<h5>We wtorek <strong>2 listopada Wspomnienie Wszystkich Wiernych Zmar\u0142ych &#8211; Dzie\u0144 Zaduszny. <\/strong>Porz\u0105dek nabo\u017ce\u0144stw:<\/h5>\n<h5><strong>Besko:<\/strong><\/h5>\n<h5>\u00a0 7.00 Msza \u015bw. i nabo\u017ce\u0144stwo wypominkowe<\/h5>\n<h5>\u00a0 8.00 Msza \u015bw. i nabo\u017ce\u0144stwo wypominkowe<\/h5>\n<h5>17.00 Msza \u015bw. i nabo\u017ce\u0144stwo wypominkowe<\/h5>\n<h5><strong>Ko\u015bcio\u0142y filialne:<\/strong><\/h5>\n<h5><strong>Mymo\u0144 <\/strong>&#8211; godz. 16.00 Msza \u015bw. i nabo\u017ce\u0144stwo wypominkowe<\/h5>\n<h5><strong>Por\u0119by<\/strong> \u00a0&#8211; godz. 16.00 Msza \u015bw. i nabo\u017ce\u0144stwo wypominkowe<\/h5>\n<h5><\/h5>\n<h5>Na chrzcielnicy s\u0105 wy\u0142o\u017cone kartki wspominkowe na kt\u00f3rych wpisujemy rodzin\u0119, kt\u00f3ra imienne poleca swoich bliskich zmar\u0142ych. W miesi\u0105cu listopadzie modlimy si\u0119 w \u015bwi\u0105tyni za tych zmar\u0142ych w modlitwie wypominkowej. Wype\u0142nione kartki wspominkowe sk\u0142adamy u ksi\u0119\u017cy wikariuszy.<\/h5>\n<h5>Pierwszy pi\u0105tek miesi\u0105ca: rano o godz. 7.00 Msza \u015bw. i adoracja, adoruje r\u00f3\u017ca Niepokalanego Pocz\u0119cia NMP prze\u0142o\u017cona Bronis\u0142awa Ziemia\u0144ska, o godz.17.00 Msza \u015bw. i nabo\u017ce\u0144stwo wspominkowe. W ko\u015bcio\u0142ach filialnych o godz.15.00 adoracja, spowied\u017a i Msza \u015bw. Chorych w Besku b\u0119dziemy odwiedza\u0107 od godz. 8.00.<\/h5>\n<h5>Pierwsza sobota miesi\u0105ca: o godz. 7.00 Msza \u015bw. i nabo\u017ce\u0144stwo do Matki Bo\u017cej, adoruje r\u00f3\u017ca Matki Ko\u015bcio\u0142a prze\u0142o\u017cona Stanis\u0142awa Strachocka.<\/h5>\n<h5>W przysz\u0142\u0105 niedziel\u0119 \u2013 <strong>Niedziela Adoracyjna<\/strong>, od godziny 12.00 do 16.00 prywatna adoracja rodzin naszej Parafii. O godzinie 16.00 nabo\u017ce\u0144stwo r\u00f3\u017ca\u0144cowe i zmiana tajemnic adoruje r\u00f3\u017ca Niepokalanego Serca NMP prze\u0142o\u017cona Zofia Szul.<\/h5>\n","protected":false},"excerpt":{"rendered":"<p>31 Niedziela zwyk\u0142a 31.10.2021 r. &nbsp; Jutro 1 listopada Uroczysto\u015b\u0107 Wszystkich \u015awi\u0119tych. Porz\u0105dek Mszy \u015bwi\u0119tych: Besko: 7.30, 9.15, 11.00. Zapraszamy po po\u0142udniu do ko\u015bcio\u0142a parafialnego na godz. 14.00 na Msz\u0119 \u015bw. za zmar\u0142ych Parafian, a\u00a0 po niej \u017ca\u0142obna procesja na cmentarz. Ko\u015bcio\u0142y filialne: Mymo\u0144\u00a0 &#8211; 8.30 Msza \u015bw. i procesja<span class=\"more-link\"><a href=\"https:\/\/parafiabesko.pl\/?p=9497\">Czytaj wi\u0119cej<\/a><\/span><\/p>\n","protected":false},"author":1,"featured_media":0,"comment_status":"closed","ping_status":"open","sticky":false,"template":"","format":"standard","meta":{"footnotes":""},"categories":[7],"tags":[],"class_list":["entry","author-adminparafiibesko","post-9497","post","type-post","status-publish","format-standard","category-ogloszenia-parafialne"],"_links":{"self":[{"href":"https:\/\/parafiabesko.pl\/index.php?rest_route=\/wp\/v2\/posts\/9497","targetHints":{"allow":["GET"]}}],"collection":[{"href":"https:\/\/parafiabesko.pl\/index.php?rest_route=\/wp\/v2\/posts"}],"about":[{"href":"https:\/\/parafiabesko.pl\/index.php?rest_route=\/wp\/v2\/types\/post"}],"author":[{"embeddable":true,"href":"https:\/\/parafiabesko.pl\/index.php?rest_route=\/wp\/v2\/users\/1"}],"replies":[{"embeddable":true,"href":"https:\/\/parafiabesko.pl\/index.php?rest_route=%2Fwp%2Fv2%2Fcomments&post=9497"}],"version-history":[{"count":0,"href":"https:\/\/parafiabesko.pl\/index.php?rest_route=\/wp\/v2\/posts\/9497\/revisions"}],"wp:attachment":[{"href":"https:\/\/parafiabesko.pl\/index.php?rest_route=%2Fwp%2Fv2%2Fmedia&parent=9497"}],"wp:term":[{"taxonomy":"category","embeddable":true,"href":"https:\/\/parafiabesko.pl\/index.php?rest_route=%2Fwp%2Fv2%2Fcategories&post=9497"},{"taxonomy":"post_tag","embeddable":true,"href":"https:\/\/parafiabesko.pl\/index.php?rest_route=%2Fwp%2Fv2%2Ftags&post=9497"}],"curies":[{"name":"wp","href":"https:\/\/api.w.org\/{rel}","templated":true}]}}