{"id":9495,"date":"2021-10-31T19:35:11","date_gmt":"2021-10-31T19:35:11","guid":{"rendered":"http:\/\/parafiabesko.pl\/?p=9495"},"modified":"2021-10-31T19:35:11","modified_gmt":"2021-10-31T19:35:11","slug":"intencje-mszalne-1-7-11-2021-r","status":"publish","type":"post","link":"https:\/\/parafiabesko.pl\/?p=9495","title":{"rendered":"Intencje mszalne 1 &#8211; 7.11.2021 r."},"content":{"rendered":"<p><strong>INTENCJIE MSZALNE<\/strong><\/p>\n<p>1 -7.11.2021 r.<\/p>\n<p><strong><u>1.11.2021 r. PONIEDZIA\u0141EK\u00a0 &#8211; Wszystkich \u015bwi\u0119tych<\/u><\/strong><\/p>\n<p>7.30 + Maria, J\u00f3zef Roman<\/p>\n<p>9.15 + Roman Mermer \/5 r. \u015bm.\/<\/p>\n<p>11.00 + Stefania \u015amietana, Aniela, Franciszek Nycz<\/p>\n<p>14.00 \u2013 za zmar\u0142ych Parafian<\/p>\n<p><strong><u>2.11.2021 r. WTOREK \u2013 Dzie\u0144 zaduszny<\/u><\/strong><\/p>\n<p>7.00 + Janina, Antoni, Bartlomiej, Aniela<\/p>\n<p>8.00 + wypominkowa<\/p>\n<p>17.00 + Agnieszka i zm. z rodziny<\/p>\n<p><strong><u>3.11.2021 r. \u015aRODA<\/u><\/strong><\/p>\n<p>7.00 + Helena Farbaniec<\/p>\n<p>17.00 \u2013 1.+ zm. z rodziny I\u017cowskich i Sza\u0142ankiewicz<\/p>\n<ol start=\"2\">\n<li>+ zm. z r\u00f3\u017cy MB Rodzicielki prze\u0142o\u017cona Helena Kuzian<\/li>\n<\/ol>\n<p><strong><u>4.11.2021 r. CZWARTEK<\/u><\/strong><\/p>\n<p>7.00 + wypominkowa<\/p>\n<p>17.00 \u2013 1. + Jan, Natalia, Jan Smole\u0144<\/p>\n<ol start=\"2\">\n<li>+ zm. ofiarodawcy naszej Parafii<\/li>\n<\/ol>\n<p><strong><u>5.11.2021 r. PI\u0104TEK<\/u><\/strong><\/p>\n<p>7.00 + J\u00f3zef Sza\u0142ankiewicz of. c\u00f3rka z rodzin\u0105<\/p>\n<p>17.00 + Stanis\u0142aw Mroczkowski \/2 r.\u015bm.\/<\/p>\n<p><strong><u>6.11.2021 r. SOBOTA<\/u><\/strong><\/p>\n<p>7.00 + Zdzis\u0142aw Zubik of. wnuczki<\/p>\n<p>17.00\u00a0 &#8211; 1.+ Jan Szyndlar \/12 r. \u015bm.\/ i Artur<\/p>\n<p>2.+ J\u00f3zef Czy\u017c \/17 r. \u015bm.\/ of. c\u00f3rka Bernardetta<\/p>\n<p><strong><u>7.11.2021 r. NIEDZIELA<\/u><\/strong><\/p>\n<p>7.30 + Edward \u015aliwka<\/p>\n<p>9.15 + Mi\u0142osz Marsza\u0142ek of. Jan, Maria Pelczar<\/p>\n<p>11.00 \u2013 za Parafian<\/p>\n<p>16.30 + Stanis\u0142aw, Maria Szyndler<\/p>\n","protected":false},"excerpt":{"rendered":"<p>INTENCJIE MSZALNE 1 -7.11.2021 r. 1.11.2021 r. PONIEDZIA\u0141EK\u00a0 &#8211; Wszystkich \u015bwi\u0119tych 7.30 + Maria, J\u00f3zef Roman 9.15 + Roman Mermer \/5 r. \u015bm.\/ 11.00 + Stefania \u015amietana, Aniela, Franciszek Nycz 14.00 \u2013 za zmar\u0142ych Parafian 2.11.2021 r. WTOREK \u2013 Dzie\u0144 zaduszny 7.00 + Janina, Antoni, Bartlomiej, Aniela 8.00 + wypominkowa<span class=\"more-link\"><a href=\"https:\/\/parafiabesko.pl\/?p=9495\">Czytaj wi\u0119cej<\/a><\/span><\/p>\n","protected":false},"author":1,"featured_media":0,"comment_status":"closed","ping_status":"open","sticky":false,"template":"","format":"standard","meta":{"footnotes":""},"categories":[4],"tags":[],"class_list":["entry","author-adminparafiibesko","post-9495","post","type-post","status-publish","format-standard","category-intencje-mszalne"],"_links":{"self":[{"href":"https:\/\/parafiabesko.pl\/index.php?rest_route=\/wp\/v2\/posts\/9495","targetHints":{"allow":["GET"]}}],"collection":[{"href":"https:\/\/parafiabesko.pl\/index.php?rest_route=\/wp\/v2\/posts"}],"about":[{"href":"https:\/\/parafiabesko.pl\/index.php?rest_route=\/wp\/v2\/types\/post"}],"author":[{"embeddable":true,"href":"https:\/\/parafiabesko.pl\/index.php?rest_route=\/wp\/v2\/users\/1"}],"replies":[{"embeddable":true,"href":"https:\/\/parafiabesko.pl\/index.php?rest_route=%2Fwp%2Fv2%2Fcomments&post=9495"}],"version-history":[{"count":0,"href":"https:\/\/parafiabesko.pl\/index.php?rest_route=\/wp\/v2\/posts\/9495\/revisions"}],"wp:attachment":[{"href":"https:\/\/parafiabesko.pl\/index.php?rest_route=%2Fwp%2Fv2%2Fmedia&parent=9495"}],"wp:term":[{"taxonomy":"category","embeddable":true,"href":"https:\/\/parafiabesko.pl\/index.php?rest_route=%2Fwp%2Fv2%2Fcategories&post=9495"},{"taxonomy":"post_tag","embeddable":true,"href":"https:\/\/parafiabesko.pl\/index.php?rest_route=%2Fwp%2Fv2%2Ftags&post=9495"}],"curies":[{"name":"wp","href":"https:\/\/api.w.org\/{rel}","templated":true}]}}