{"id":9485,"date":"2021-10-24T16:43:20","date_gmt":"2021-10-24T16:43:20","guid":{"rendered":"http:\/\/parafiabesko.pl\/?p=9485"},"modified":"2021-10-24T16:43:20","modified_gmt":"2021-10-24T16:43:20","slug":"ogloszenia-parafialne-25-10-2021-r","status":"publish","type":"post","link":"https:\/\/parafiabesko.pl\/?p=9485","title":{"rendered":"Og\u0142oszenia parafialne 25.10.2021 r"},"content":{"rendered":"<h5>30 Niedziela zwyk\u0142a<\/h5>\n<h5>24.10.2021 r.<\/h5>\n<h5><strong>Dzisiaj Niedziela Misyjna.<\/strong> Ojciec \u015awi\u0119ty wyja\u015bnia ide\u0119 dnia misyjnego: \u201e\u015awiatowy Dzie\u0144 Misyjny jest uprzywilejowanym momentem, w\u00a0kt\u00f3rym wierni z\u00a0r\u00f3\u017cnych kontynent\u00f3w anga\u017cuj\u0105 si\u0119 poprzez modlitwy i\u00a0konkretne gesty solidarno\u015bci we wspieranie m\u0142odych Ko\u015bcio\u0142\u00f3w na terenach misyjnych\u201d. Papie\u017c nazywa ten dzie\u0144 \u201e\u015bwi\u0119tem \u0142aski i\u00a0rado\u015bci\u201d. Jak wyja\u015bnia, Duch\u00a0 \u015awi\u0119ty daje m\u0105dro\u015b\u0107 i\u00a0m\u0119stwo tym, kt\u00f3rzy otwieraj\u0105 si\u0119 na Jego dzia\u0142anie. Z\u00a0kolei \u015bwiadomo\u015b\u0107, \u017ce Jezus Chrystus wspiera dzie\u0142o misyjne i\u00a0mu towarzyszy, wype\u0142nia serca g\u0142osz\u0105cych Dobr\u0105 Nowin\u0119 rado\u015bci\u0105. W \u015awiatowy Dzie\u0144 Misyjny w\u00a0ko\u015bcio\u0142ach na ca\u0142ym \u015bwiecie zbierane s\u0105 ofiary na rzecz m\u0142odych Ko\u015bcio\u0142\u00f3w na terytoriach misyjnych. Papie\u017c zaznacza, \u017ce to okazja, by \u201eo\u017cywi\u0107 pragnienie i\u00a0obowi\u0105zek moralny radosnego uczestniczenia w\u00a0misji<em>ad gentes<\/em>\u201d.<\/h5>\n<h5>Taca z dzisiejszej niedzieli przeznaczona jest na pomoc misjom.<\/h5>\n<h5>Dzisiaj po Mszach \u015bwi\u0119tych mo\u017cna naby\u0107 kartki wypominkowe na kt\u00f3rych wpisujemy rodzin\u0119, kt\u00f3ra imienne poleca swoich bliskich zmar\u0142ych. W miesi\u0105cu listopadzie b\u0119dziemy w \u015bwi\u0105tyni wspomina\u0107 tych zmar\u0142ych w modlitwie wypominkowej. Za zmar\u0142ych polecanych w \u201eWypominkach\u201d zostan\u0105 odprawione 4 Msze \u015bwi\u0119te. Wype\u0142nione kartki wypominkowe sk\u0142adamy u ksi\u0119\u017cy wikariuszy. W ko\u015bcio\u0142ach filialnych nabo\u017ce\u0144stwo wypominkowe po niedzielnych Mszach \u015bwi\u0119tych.<\/h5>\n<h5>Nabo\u017ce\u0144stwo r\u00f3\u017ca\u0144cowe w dni powszednie o godzinie 17.00. Zach\u0119camy dzieci, m\u0142odzie\u017c i doros\u0142ych do udzia\u0142u w modlitwie r\u00f3\u017ca\u0144cowej. Tradycyjnie jest organizowany konkurs dla dzieci z losowaniem figurek Matki Bo\u017cej.<\/h5>\n<h5>Spowied\u017a przed <strong>\u015awi\u0119tem Zmar\u0142ych<\/strong>:<\/h5>\n<h5>&#8211; <strong>Por\u0119by<\/strong> w pi\u0105tek \u00a0o godz. 15.00 spowiada trzech ksi\u0119\u017cy,<\/h5>\n<h5>&#8211; <strong>Mymo\u0144<\/strong> w sobot\u0119 o godz. 15.00 spowiada trzech ksi\u0119\u017cy,<\/h5>\n<h5>&#8211; <strong>Besko<\/strong> w pi\u0105tek i sobot\u0119 od godz. 16.00 spowiada trzech ksi\u0119\u017cy. Zach\u0119camy, aby Parafianie skorzystali ze spowiedzi \u015bwi\u0119tej, a dary duchowe jak; Komunia \u015bwi\u0119ta i odpusty ofiarowali za zmar\u0142ych.<\/h5>\n<h5>Dzi\u0119kujemy za z\u0142o\u017cone ofiary na prace przy ko\u015bciele. B\u00f3g zap\u0142a\u0107!<\/h5>\n","protected":false},"excerpt":{"rendered":"<p>30 Niedziela zwyk\u0142a 24.10.2021 r. Dzisiaj Niedziela Misyjna. Ojciec \u015awi\u0119ty wyja\u015bnia ide\u0119 dnia misyjnego: \u201e\u015awiatowy Dzie\u0144 Misyjny jest uprzywilejowanym momentem, w\u00a0kt\u00f3rym wierni z\u00a0r\u00f3\u017cnych kontynent\u00f3w anga\u017cuj\u0105 si\u0119 poprzez modlitwy i\u00a0konkretne gesty solidarno\u015bci we wspieranie m\u0142odych Ko\u015bcio\u0142\u00f3w na terenach misyjnych\u201d. Papie\u017c nazywa ten dzie\u0144 \u201e\u015bwi\u0119tem \u0142aski i\u00a0rado\u015bci\u201d. Jak wyja\u015bnia, Duch\u00a0 \u015awi\u0119ty daje<span class=\"more-link\"><a href=\"https:\/\/parafiabesko.pl\/?p=9485\">Czytaj wi\u0119cej<\/a><\/span><\/p>\n","protected":false},"author":1,"featured_media":0,"comment_status":"closed","ping_status":"open","sticky":false,"template":"","format":"standard","meta":{"footnotes":""},"categories":[7],"tags":[],"class_list":["entry","author-adminparafiibesko","post-9485","post","type-post","status-publish","format-standard","category-ogloszenia-parafialne"],"_links":{"self":[{"href":"https:\/\/parafiabesko.pl\/index.php?rest_route=\/wp\/v2\/posts\/9485","targetHints":{"allow":["GET"]}}],"collection":[{"href":"https:\/\/parafiabesko.pl\/index.php?rest_route=\/wp\/v2\/posts"}],"about":[{"href":"https:\/\/parafiabesko.pl\/index.php?rest_route=\/wp\/v2\/types\/post"}],"author":[{"embeddable":true,"href":"https:\/\/parafiabesko.pl\/index.php?rest_route=\/wp\/v2\/users\/1"}],"replies":[{"embeddable":true,"href":"https:\/\/parafiabesko.pl\/index.php?rest_route=%2Fwp%2Fv2%2Fcomments&post=9485"}],"version-history":[{"count":0,"href":"https:\/\/parafiabesko.pl\/index.php?rest_route=\/wp\/v2\/posts\/9485\/revisions"}],"wp:attachment":[{"href":"https:\/\/parafiabesko.pl\/index.php?rest_route=%2Fwp%2Fv2%2Fmedia&parent=9485"}],"wp:term":[{"taxonomy":"category","embeddable":true,"href":"https:\/\/parafiabesko.pl\/index.php?rest_route=%2Fwp%2Fv2%2Fcategories&post=9485"},{"taxonomy":"post_tag","embeddable":true,"href":"https:\/\/parafiabesko.pl\/index.php?rest_route=%2Fwp%2Fv2%2Ftags&post=9485"}],"curies":[{"name":"wp","href":"https:\/\/api.w.org\/{rel}","templated":true}]}}