{"id":9483,"date":"2021-10-24T16:39:38","date_gmt":"2021-10-24T16:39:38","guid":{"rendered":"http:\/\/parafiabesko.pl\/?p=9483"},"modified":"2021-10-24T16:39:38","modified_gmt":"2021-10-24T16:39:38","slug":"intencje-mszalne-26-31-10-2021-r","status":"publish","type":"post","link":"https:\/\/parafiabesko.pl\/?p=9483","title":{"rendered":"Intencje mszalne 26-31.10.2021 r."},"content":{"rendered":"<table width=\"101%\">\n<tbody>\n<tr>\n<td colspan=\"3\" width=\"100%\">&nbsp;<\/p>\n<p><strong>\u00a030 Niedziela zwyk\u0142a<\/strong><\/p>\n<p>25 \u2013 31.10.2021 r.<\/td>\n<\/tr>\n<tr>\n<td rowspan=\"2\" width=\"32%\"><strong>Poniedzia\u0142ek<\/strong><\/p>\n<p>25.10.2021<\/td>\n<td width=\"11%\">\u00a0\u00a0\u00a0\u00a0\u00a0 7.00<\/td>\n<td width=\"55%\">+ \u0141ukasz Chyna\u0142, \u0141ukasz Nowak<\/td>\n<\/tr>\n<tr>\n<td width=\"11%\">17.00<\/td>\n<td width=\"55%\">1. &#8211; dzi\u0119kczynna w 50 urodziny Jacka z pro\u015bb\u0105 o Bo\u017ce b\u0142og. potrzebne \u0142aski i opiek\u0119 Matki Bo\u017cej<\/p>\n<p>2. \u2013dzi\u0119kczynna w 50 urodziny Damiana i Romana z pro\u015bb\u0105 o Bo\u017ce b\u0142ogos\u0142awie\u0144stwo<\/td>\n<\/tr>\n<tr>\n<td rowspan=\"2\" width=\"32%\"><strong>Wtorek <\/strong><\/p>\n<p>26.10.2021<\/td>\n<td width=\"11%\">\u00a07.00<\/td>\n<td width=\"55%\">+ August Les\u0142aw Szajna of. c\u00f3rka<\/td>\n<\/tr>\n<tr>\n<td width=\"11%\">17.00<\/td>\n<td width=\"55%\">1. + \u0141ukasz Nowak, \u0141ukasz Chyna\u0142\/8 r. \u015bm.\/<\/p>\n<p>2. &#8211;\u00a0 dzi\u0119kczynna w 30 rocznic\u0119 \u015bluby z pro\u015bb\u0105 o Bo\u017ce b\u0142og. i opiek\u0119 Matki Bo\u017cej na dalsze lata<\/td>\n<\/tr>\n<tr>\n<td rowspan=\"2\" width=\"32%\"><strong>\u015aroda\u00a0 <\/strong><\/p>\n<p>27.10.2021<\/td>\n<td width=\"11%\">\u00a0\u00a0\u00a0\u00a0\u00a0 7.00<\/td>\n<td width=\"55%\">+ Danuta Miko\u0142ajewicz of. siostra Teresa<\/td>\n<\/tr>\n<tr>\n<td width=\"11%\">17.00<\/td>\n<td width=\"55%\">1. + Barbara Szajna \/1 r. \u015bm.\/<\/p>\n<p>2. + Leon, Natalia, Jan<\/td>\n<\/tr>\n<tr>\n<td rowspan=\"2\" width=\"32%\"><strong>Czwartek <\/strong><\/p>\n<p>28.10.2021<\/td>\n<td width=\"11%\">\u00a07.00<\/td>\n<td width=\"55%\">+ J\u00f3zef Szul of. dzieci<\/td>\n<\/tr>\n<tr>\n<td width=\"11%\">17.00<\/td>\n<td width=\"55%\">1. + Tadeusz Nycz<\/p>\n<p>2. + Tadeusz Ziemia\u0144ski<\/td>\n<\/tr>\n<tr>\n<td rowspan=\"2\" width=\"32%\"><strong>Pi\u0105tek<\/strong><\/p>\n<p>29.10.2021<\/td>\n<td width=\"11%\">\u00a07.00<\/td>\n<td width=\"55%\">+ Zofia Pitrus of. brat Leszek<\/td>\n<\/tr>\n<tr>\n<td width=\"11%\">17.00<\/td>\n<td width=\"55%\">1. + Andrzej Suwa\u0142a \/5 r. \u015bm.\/<\/p>\n<p>2. + Janina, Bronis\u0142aw Maria Prugar<\/td>\n<\/tr>\n<tr>\n<td rowspan=\"2\" width=\"32%\"><strong>Sobota <\/strong><\/p>\n<p>30.10.2021<\/td>\n<td width=\"11%\">\u00a07.00<\/td>\n<td width=\"55%\">+ Anna Sok\u00f3lska<\/td>\n<\/tr>\n<tr>\n<td width=\"11%\">17.00<\/td>\n<td width=\"55%\">1. + W\u0142adys\u0142aw Prajzner \/5 r. \u015bm.\/<\/p>\n<p>2. \u2013 o zdrowie, Bo\u017ce b\u0142og. dla si\u00f3str i ich rodzin z r\u00f3\u017cy MB Rodzicielki prze\u0142o\u017cona Helena Kuzian<\/td>\n<\/tr>\n<tr>\n<td rowspan=\"4\" width=\"32%\"><strong>NIEDZIELA <\/strong><\/p>\n<p>31.10.2021<\/td>\n<td width=\"11%\">7.30<\/td>\n<td width=\"55%\">+ Micha\u0142 Fedio \/9 r. \u015bm.\/<\/td>\n<\/tr>\n<tr>\n<td width=\"11%\">9.15<\/td>\n<td width=\"55%\">+ Bogumi\u0142a, Zofia, Andrzej Kocha\u0144scy<\/td>\n<\/tr>\n<tr>\n<td width=\"11%\">11.00<\/td>\n<td width=\"55%\"><strong>Za Parafian<\/strong><\/td>\n<\/tr>\n<tr>\n<td width=\"11%\">16.30<\/td>\n<td width=\"55%\">+ Tadeusz Kruczkiewicz<\/td>\n<\/tr>\n<\/tbody>\n<\/table>\n","protected":false},"excerpt":{"rendered":"<p>&nbsp; \u00a030 Niedziela zwyk\u0142a 25 \u2013 31.10.2021 r. Poniedzia\u0142ek 25.10.2021 \u00a0\u00a0\u00a0\u00a0\u00a0 7.00 + \u0141ukasz Chyna\u0142, \u0141ukasz Nowak 17.00 1. &#8211; dzi\u0119kczynna w 50 urodziny Jacka z pro\u015bb\u0105 o Bo\u017ce b\u0142og. potrzebne \u0142aski i opiek\u0119 Matki Bo\u017cej 2. \u2013dzi\u0119kczynna w 50 urodziny Damiana i Romana z pro\u015bb\u0105 o Bo\u017ce b\u0142ogos\u0142awie\u0144stwo Wtorek<span class=\"more-link\"><a href=\"https:\/\/parafiabesko.pl\/?p=9483\">Czytaj wi\u0119cej<\/a><\/span><\/p>\n","protected":false},"author":1,"featured_media":0,"comment_status":"closed","ping_status":"open","sticky":false,"template":"","format":"standard","meta":{"footnotes":""},"categories":[4],"tags":[],"class_list":["entry","author-adminparafiibesko","post-9483","post","type-post","status-publish","format-standard","category-intencje-mszalne"],"_links":{"self":[{"href":"https:\/\/parafiabesko.pl\/index.php?rest_route=\/wp\/v2\/posts\/9483","targetHints":{"allow":["GET"]}}],"collection":[{"href":"https:\/\/parafiabesko.pl\/index.php?rest_route=\/wp\/v2\/posts"}],"about":[{"href":"https:\/\/parafiabesko.pl\/index.php?rest_route=\/wp\/v2\/types\/post"}],"author":[{"embeddable":true,"href":"https:\/\/parafiabesko.pl\/index.php?rest_route=\/wp\/v2\/users\/1"}],"replies":[{"embeddable":true,"href":"https:\/\/parafiabesko.pl\/index.php?rest_route=%2Fwp%2Fv2%2Fcomments&post=9483"}],"version-history":[{"count":0,"href":"https:\/\/parafiabesko.pl\/index.php?rest_route=\/wp\/v2\/posts\/9483\/revisions"}],"wp:attachment":[{"href":"https:\/\/parafiabesko.pl\/index.php?rest_route=%2Fwp%2Fv2%2Fmedia&parent=9483"}],"wp:term":[{"taxonomy":"category","embeddable":true,"href":"https:\/\/parafiabesko.pl\/index.php?rest_route=%2Fwp%2Fv2%2Fcategories&post=9483"},{"taxonomy":"post_tag","embeddable":true,"href":"https:\/\/parafiabesko.pl\/index.php?rest_route=%2Fwp%2Fv2%2Ftags&post=9483"}],"curies":[{"name":"wp","href":"https:\/\/api.w.org\/{rel}","templated":true}]}}