{"id":9481,"date":"2021-10-17T17:38:39","date_gmt":"2021-10-17T17:38:39","guid":{"rendered":"http:\/\/parafiabesko.pl\/?p=9481"},"modified":"2021-10-17T17:38:39","modified_gmt":"2021-10-17T17:38:39","slug":"ogloszenia-parafialne-17-10-2021-r","status":"publish","type":"post","link":"https:\/\/parafiabesko.pl\/?p=9481","title":{"rendered":"Og\u0142oszenia parafialne 17.10.2021 r."},"content":{"rendered":"<h5>29 Niedziela zwyk\u0142a 17.10.2021 r.<\/h5>\n<p>&nbsp;<\/p>\n<h5>Nabo\u017ce\u0144stwo r\u00f3\u017ca\u0144cowe w dni powszednie o godzinie 17.00. Zach\u0119camy dzieci, m\u0142odzie\u017c i doros\u0142ych do udzia\u0142u w modlitwie r\u00f3\u017ca\u0144cowej. Tradycyjnie jest organizowany konkurs dla dzieci z losowaniem figurek Matki Bo\u017cej.<\/h5>\n<h5>W poniedzia\u0142ek \u015bwi\u0119to \u015bw. \u0141ukasza. Modlimy si\u0119 w intencji s\u0142u\u017cby zdrowia.<\/h5>\n<h5>W pi\u0105tek wspomnienie \u015bw. Jana Paw\u0142a II papie\u017ca.<\/h5>\n","protected":false},"excerpt":{"rendered":"<p>29 Niedziela zwyk\u0142a 17.10.2021 r. &nbsp; Nabo\u017ce\u0144stwo r\u00f3\u017ca\u0144cowe w dni powszednie o godzinie 17.00. Zach\u0119camy dzieci, m\u0142odzie\u017c i doros\u0142ych do udzia\u0142u w modlitwie r\u00f3\u017ca\u0144cowej. Tradycyjnie jest organizowany konkurs dla dzieci z losowaniem figurek Matki Bo\u017cej. W poniedzia\u0142ek \u015bwi\u0119to \u015bw. \u0141ukasza. Modlimy si\u0119 w intencji s\u0142u\u017cby zdrowia. W pi\u0105tek wspomnienie \u015bw.<span class=\"more-link\"><a href=\"https:\/\/parafiabesko.pl\/?p=9481\">Czytaj wi\u0119cej<\/a><\/span><\/p>\n","protected":false},"author":1,"featured_media":0,"comment_status":"closed","ping_status":"open","sticky":false,"template":"","format":"standard","meta":{"footnotes":""},"categories":[7],"tags":[],"class_list":["entry","author-adminparafiibesko","post-9481","post","type-post","status-publish","format-standard","category-ogloszenia-parafialne"],"_links":{"self":[{"href":"https:\/\/parafiabesko.pl\/index.php?rest_route=\/wp\/v2\/posts\/9481","targetHints":{"allow":["GET"]}}],"collection":[{"href":"https:\/\/parafiabesko.pl\/index.php?rest_route=\/wp\/v2\/posts"}],"about":[{"href":"https:\/\/parafiabesko.pl\/index.php?rest_route=\/wp\/v2\/types\/post"}],"author":[{"embeddable":true,"href":"https:\/\/parafiabesko.pl\/index.php?rest_route=\/wp\/v2\/users\/1"}],"replies":[{"embeddable":true,"href":"https:\/\/parafiabesko.pl\/index.php?rest_route=%2Fwp%2Fv2%2Fcomments&post=9481"}],"version-history":[{"count":0,"href":"https:\/\/parafiabesko.pl\/index.php?rest_route=\/wp\/v2\/posts\/9481\/revisions"}],"wp:attachment":[{"href":"https:\/\/parafiabesko.pl\/index.php?rest_route=%2Fwp%2Fv2%2Fmedia&parent=9481"}],"wp:term":[{"taxonomy":"category","embeddable":true,"href":"https:\/\/parafiabesko.pl\/index.php?rest_route=%2Fwp%2Fv2%2Fcategories&post=9481"},{"taxonomy":"post_tag","embeddable":true,"href":"https:\/\/parafiabesko.pl\/index.php?rest_route=%2Fwp%2Fv2%2Ftags&post=9481"}],"curies":[{"name":"wp","href":"https:\/\/api.w.org\/{rel}","templated":true}]}}