{"id":9479,"date":"2021-10-17T17:34:54","date_gmt":"2021-10-17T17:34:54","guid":{"rendered":"http:\/\/parafiabesko.pl\/?p=9479"},"modified":"2021-10-17T17:34:54","modified_gmt":"2021-10-17T17:34:54","slug":"intencje-mszalne-18-24-10-2021-r","status":"publish","type":"post","link":"https:\/\/parafiabesko.pl\/?p=9479","title":{"rendered":"Intencje mszalne 18-24.10.2021 r."},"content":{"rendered":"<table width=\"101%\">\n<tbody>\n<tr>\n<td colspan=\"3\" width=\"100%\">&nbsp;<\/p>\n<p><strong>\u00a029 Niedziela zwyk\u0142a<\/strong><\/p>\n<p>18 \u2013 24.10.2021 r.<\/td>\n<\/tr>\n<tr>\n<td rowspan=\"2\" width=\"32%\"><strong>Poniedzia\u0142ek<\/strong><\/p>\n<p>18.10.2021<\/td>\n<td width=\"11%\">\u00a0\u00a0\u00a0\u00a0\u00a0 7.00<\/td>\n<td width=\"55%\">+ Janina My\u015bi\u0144ska of. s\u0105siedzi c\u00f3rki Marty<\/td>\n<\/tr>\n<tr>\n<td width=\"11%\">17.00<\/td>\n<td width=\"55%\">1. + Stanis\u0142aw Fedio \/3 r. \u015bmierci\/ i zmarli z rodziny<\/p>\n<p>2. + Zofia Sza\u0142ankiewicz of. r\u00f3\u017ca \u015bw. Anny prze\u0142o\u017cona Janina Suwa\u0142a<\/td>\n<\/tr>\n<tr>\n<td rowspan=\"2\" width=\"32%\"><strong>Wtorek <\/strong><\/p>\n<p>19.10.2021<\/td>\n<td width=\"11%\">\u00a07.00<\/td>\n<td width=\"55%\">+ Micha\u0142 Wn\u0119trzak of. dzieci<\/td>\n<\/tr>\n<tr>\n<td width=\"11%\">17.00<\/td>\n<td width=\"55%\">1. + za zmar\u0142ych z r\u00f3\u017cy \u015bw. Marty prze\u0142o\u017cona Maria Szyndler<\/p>\n<p>2. + Kazimierz Mermer \/26 r. \u015bmierci\/<\/td>\n<\/tr>\n<tr>\n<td rowspan=\"2\" width=\"32%\"><strong>\u015aroda\u00a0 <\/strong><\/p>\n<p>20.10.2021<\/td>\n<td width=\"11%\">\u00a0\u00a0\u00a0\u00a0\u00a0 7.00<\/td>\n<td width=\"55%\">+ Edward \/9 r. \u015bmierci\/ i Adam \/19 r. \u015bmierci\/ Kornasiewicz<\/td>\n<\/tr>\n<tr>\n<td width=\"11%\">17.00<\/td>\n<td width=\"55%\">1. + za zmar\u0142ych z rodz. Kuziemskich<\/p>\n<p>2. + Maria \/5 r. \u015bmierci\/ Jan, Marian Depa<\/td>\n<\/tr>\n<tr>\n<td rowspan=\"2\" width=\"32%\"><strong>Czwartek <\/strong><\/p>\n<p>21.10.2021<\/td>\n<td width=\"11%\">\u00a07.00<\/td>\n<td width=\"55%\">+ Aleksander Suwa\u0142a \/2 r. \u015bmierci\/<\/td>\n<\/tr>\n<tr>\n<td width=\"11%\">17.00<\/td>\n<td width=\"55%\">1. + Ma\u0142gorzata Twardy<\/p>\n<p>2. + Leszek Nowak of. rodz. Rzeniszek<\/td>\n<\/tr>\n<tr>\n<td rowspan=\"2\" width=\"32%\"><strong>Pi\u0105tek<\/strong><\/p>\n<p>22.10.2021<\/td>\n<td width=\"11%\">\u00a07.00<\/td>\n<td width=\"55%\">+ Aleksander Nowak of. \u017cony<\/td>\n<\/tr>\n<tr>\n<td width=\"11%\">17.00<\/td>\n<td width=\"55%\">1. + Maria, Stanis\u0142aw Szajna<\/p>\n<p>2. + Waldemar<\/td>\n<\/tr>\n<tr>\n<td rowspan=\"2\" width=\"32%\"><strong>Sobota <\/strong><\/p>\n<p>23.10.2021<\/td>\n<td width=\"11%\">\u00a07.00<\/td>\n<td width=\"55%\">+ Jan Kielar of. \u017cony i c\u00f3rek<\/td>\n<\/tr>\n<tr>\n<td width=\"11%\">17.00<\/td>\n<td width=\"55%\">+ Maria, Tadeusz, Mieczys\u0142aw Pelczar<\/td>\n<\/tr>\n<tr>\n<td rowspan=\"4\" width=\"32%\"><strong>NIEDZIELA <\/strong><\/p>\n<p>24.10.2021<\/td>\n<td width=\"11%\">7.30<\/td>\n<td width=\"55%\">&#8211;\u00a0 o Bo\u017ce b\u0142ogos\u0142awie\u0144stwo\u00a0 i potrzebne \u0142aski dla Jacka w 50 urodziny of. rodzice<\/td>\n<\/tr>\n<tr>\n<td width=\"11%\">9.15<\/td>\n<td width=\"55%\">+ Stefani\u0119 \/18 r. \u015bm.\/ Stanis\u0142aw, Jerzy<\/td>\n<\/tr>\n<tr>\n<td width=\"11%\">11.00<\/td>\n<td width=\"55%\"><strong>Za Parafian<\/strong><\/td>\n<\/tr>\n<tr>\n<td width=\"11%\">16.30<\/td>\n<td width=\"55%\">+ Krystyna Pelczar \/4 r. \u015bm.\/<\/td>\n<\/tr>\n<\/tbody>\n<\/table>\n","protected":false},"excerpt":{"rendered":"<p>&nbsp; \u00a029 Niedziela zwyk\u0142a 18 \u2013 24.10.2021 r. Poniedzia\u0142ek 18.10.2021 \u00a0\u00a0\u00a0\u00a0\u00a0 7.00 + Janina My\u015bi\u0144ska of. s\u0105siedzi c\u00f3rki Marty 17.00 1. + Stanis\u0142aw Fedio \/3 r. \u015bmierci\/ i zmarli z rodziny 2. + Zofia Sza\u0142ankiewicz of. r\u00f3\u017ca \u015bw. Anny prze\u0142o\u017cona Janina Suwa\u0142a Wtorek 19.10.2021 \u00a07.00 + Micha\u0142 Wn\u0119trzak of. dzieci<span class=\"more-link\"><a href=\"https:\/\/parafiabesko.pl\/?p=9479\">Czytaj wi\u0119cej<\/a><\/span><\/p>\n","protected":false},"author":1,"featured_media":0,"comment_status":"closed","ping_status":"open","sticky":false,"template":"","format":"standard","meta":{"footnotes":""},"categories":[4],"tags":[],"class_list":["entry","author-adminparafiibesko","post-9479","post","type-post","status-publish","format-standard","category-intencje-mszalne"],"_links":{"self":[{"href":"https:\/\/parafiabesko.pl\/index.php?rest_route=\/wp\/v2\/posts\/9479","targetHints":{"allow":["GET"]}}],"collection":[{"href":"https:\/\/parafiabesko.pl\/index.php?rest_route=\/wp\/v2\/posts"}],"about":[{"href":"https:\/\/parafiabesko.pl\/index.php?rest_route=\/wp\/v2\/types\/post"}],"author":[{"embeddable":true,"href":"https:\/\/parafiabesko.pl\/index.php?rest_route=\/wp\/v2\/users\/1"}],"replies":[{"embeddable":true,"href":"https:\/\/parafiabesko.pl\/index.php?rest_route=%2Fwp%2Fv2%2Fcomments&post=9479"}],"version-history":[{"count":0,"href":"https:\/\/parafiabesko.pl\/index.php?rest_route=\/wp\/v2\/posts\/9479\/revisions"}],"wp:attachment":[{"href":"https:\/\/parafiabesko.pl\/index.php?rest_route=%2Fwp%2Fv2%2Fmedia&parent=9479"}],"wp:term":[{"taxonomy":"category","embeddable":true,"href":"https:\/\/parafiabesko.pl\/index.php?rest_route=%2Fwp%2Fv2%2Fcategories&post=9479"},{"taxonomy":"post_tag","embeddable":true,"href":"https:\/\/parafiabesko.pl\/index.php?rest_route=%2Fwp%2Fv2%2Ftags&post=9479"}],"curies":[{"name":"wp","href":"https:\/\/api.w.org\/{rel}","templated":true}]}}