{"id":9475,"date":"2021-10-10T17:52:29","date_gmt":"2021-10-10T17:52:29","guid":{"rendered":"http:\/\/parafiabesko.pl\/?p=9475"},"modified":"2021-10-10T17:52:29","modified_gmt":"2021-10-10T17:52:29","slug":"ogloszenia-parafialne-10-10-2021-r","status":"publish","type":"post","link":"https:\/\/parafiabesko.pl\/?p=9475","title":{"rendered":"Og\u0142oszenia parafialne 10.10.2021 r."},"content":{"rendered":"<h5>28 Niedziela zwyk\u0142a<\/h5>\n<h5>10.10.2021 roku<\/h5>\n<p>&nbsp;<\/p>\n<h5>Dzisiaj obchodzimy XXI Dzie\u0144 Papieski pod has\u0142em \u201eNie l\u0119kajcie si\u0119!\u201d. \u201eBy\u0142y to jedne z pierwszych s\u0142\u00f3w, z kt\u00f3rymi wyszed\u0142 do ludzi 22 pa\u017adziernika 1978 roku Jan Pawe\u0142 II. Odb\u0119dzie si\u0119 r\u00f3wnie\u017c zbi\u00f3rka po Mszach \u015bw. na \u201e\u017cywy pomnik\u201d Papie\u017ca \u2013 Polaka: stypendia dla zdolnej m\u0142odzie\u017cy z ubogich rodzin. Organizatorem Dnia Papieskiego jest Fundacja \u201eDzie\u0142o Nowego Tysi\u0105clecia\u201d. Od lat Fundacja utrzymuje ok. 2 tys. stypendyst\u00f3w. Wspierani s\u0105 oni od 7 klasy szko\u0142y podstawowej a\u017c do zako\u0144czenia studi\u00f3w Ka\u017cdego roku ok. 200 z nich zdobywa wykszta\u0142cenie i przeprowadzany jest nab\u00f3r 200 &#8211; 250 nowych uczni\u00f3w. W ci\u0105gu 21 lat istnienia Fundacji DNT wsparciem obj\u0119to ju\u017c ponad 6 tys. m\u0142odych.<\/h5>\n<h5>Dzisiaj 10 pa\u017adziernika wspomnienie b\u0142ogos\u0142awionej Marii Angeli Truszkowskiej dziewicy &#8211; za\u0142o\u017cycielki Zgromadzenia si\u00f3str Felicjanek, kt\u00f3re w naszej Parafii pe\u0142n\u0105 pos\u0142ug\u0119 od roku 1881 czyli 140 lat. W tym dniu modlimy si\u0119 w intencji si\u00f3str kt\u00f3re pracowa\u0142y i pracuj\u0105 w naszej Parafii o potrzebne dla nich \u0142aski.<\/h5>\n<h5>Nabo\u017ce\u0144stwo r\u00f3\u017ca\u0144cowe w dni powszednie o godzinie 17.00, a w niedziel\u0119 o godzinie 16.00. Zach\u0119camy dzieci, m\u0142odzie\u017c i doros\u0142ych do udzia\u0142u w modlitwie r\u00f3\u017ca\u0144cowej. Tradycyjnie b\u0119dzie organizowany konkurs dla dzieci z losowaniem figurek Matki Bo\u017cej. W ko\u015bcio\u0142ach filialnych r\u00f3\u017caniec codziennie w dni powszednie o godz. 17.00, a w niedziele po Mszy \u015bw. prowadz\u0105 r\u00f3\u017ce r\u00f3\u017ca\u0144cowe.<\/h5>\n<h5>W czwartek wypada Dzie\u0144 Edukacji Narodowej wraz z modlitw\u0105 sk\u0142adamy podzi\u0119kowanie nauczycielom, katechetom, wychowawcom i wszystkim pracownikom o\u015bwiaty za trud nauczania i wychowania.<\/h5>\n<h5>W tym tygodniu b\u0119dzie sk\u0142adka po domach na prace przy naszym ko\u015bciele.<\/h5>\n","protected":false},"excerpt":{"rendered":"<p>28 Niedziela zwyk\u0142a 10.10.2021 roku &nbsp; Dzisiaj obchodzimy XXI Dzie\u0144 Papieski pod has\u0142em \u201eNie l\u0119kajcie si\u0119!\u201d. \u201eBy\u0142y to jedne z pierwszych s\u0142\u00f3w, z kt\u00f3rymi wyszed\u0142 do ludzi 22 pa\u017adziernika 1978 roku Jan Pawe\u0142 II. Odb\u0119dzie si\u0119 r\u00f3wnie\u017c zbi\u00f3rka po Mszach \u015bw. na \u201e\u017cywy pomnik\u201d Papie\u017ca \u2013 Polaka: stypendia dla zdolnej<span class=\"more-link\"><a href=\"https:\/\/parafiabesko.pl\/?p=9475\">Czytaj wi\u0119cej<\/a><\/span><\/p>\n","protected":false},"author":1,"featured_media":0,"comment_status":"closed","ping_status":"open","sticky":false,"template":"","format":"standard","meta":{"footnotes":""},"categories":[7],"tags":[],"class_list":["entry","author-adminparafiibesko","post-9475","post","type-post","status-publish","format-standard","category-ogloszenia-parafialne"],"_links":{"self":[{"href":"https:\/\/parafiabesko.pl\/index.php?rest_route=\/wp\/v2\/posts\/9475","targetHints":{"allow":["GET"]}}],"collection":[{"href":"https:\/\/parafiabesko.pl\/index.php?rest_route=\/wp\/v2\/posts"}],"about":[{"href":"https:\/\/parafiabesko.pl\/index.php?rest_route=\/wp\/v2\/types\/post"}],"author":[{"embeddable":true,"href":"https:\/\/parafiabesko.pl\/index.php?rest_route=\/wp\/v2\/users\/1"}],"replies":[{"embeddable":true,"href":"https:\/\/parafiabesko.pl\/index.php?rest_route=%2Fwp%2Fv2%2Fcomments&post=9475"}],"version-history":[{"count":0,"href":"https:\/\/parafiabesko.pl\/index.php?rest_route=\/wp\/v2\/posts\/9475\/revisions"}],"wp:attachment":[{"href":"https:\/\/parafiabesko.pl\/index.php?rest_route=%2Fwp%2Fv2%2Fmedia&parent=9475"}],"wp:term":[{"taxonomy":"category","embeddable":true,"href":"https:\/\/parafiabesko.pl\/index.php?rest_route=%2Fwp%2Fv2%2Fcategories&post=9475"},{"taxonomy":"post_tag","embeddable":true,"href":"https:\/\/parafiabesko.pl\/index.php?rest_route=%2Fwp%2Fv2%2Ftags&post=9475"}],"curies":[{"name":"wp","href":"https:\/\/api.w.org\/{rel}","templated":true}]}}