{"id":9473,"date":"2021-10-10T17:48:50","date_gmt":"2021-10-10T17:48:50","guid":{"rendered":"http:\/\/parafiabesko.pl\/?p=9473"},"modified":"2021-10-10T17:48:50","modified_gmt":"2021-10-10T17:48:50","slug":"intencje-mszalne-11-17-10-2021-r","status":"publish","type":"post","link":"https:\/\/parafiabesko.pl\/?p=9473","title":{"rendered":"Intencje mszalne 11 &#8211; 17.10.2021 r."},"content":{"rendered":"<table width=\"101%\">\n<tbody>\n<tr>\n<td colspan=\"3\" width=\"100%\">&nbsp;<\/p>\n<p><strong>\u00a028 Niedziela zwyk\u0142a<\/strong><\/p>\n<p>11 \u2013 17.10.2021 r.<\/td>\n<\/tr>\n<tr>\n<td rowspan=\"2\" width=\"32%\"><strong>Poniedzia\u0142ek<\/strong><\/p>\n<p>11.10.2021<\/td>\n<td width=\"11%\">\u00a0\u00a0\u00a0\u00a0\u00a0 7.00<\/td>\n<td width=\"55%\">+ Paulina, Andrzej Haniak<\/td>\n<\/tr>\n<tr>\n<td width=\"11%\">17.00<\/td>\n<td width=\"55%\">1. + Krystyna Kraczkowska of. mama i siostra Kazimiera<\/p>\n<p>2. + z rodziny Kuziemskich<\/td>\n<\/tr>\n<tr>\n<td rowspan=\"2\" width=\"32%\"><strong>Wtorek <\/strong><\/p>\n<p>12.10.2021<\/td>\n<td width=\"11%\">\u00a07.00<\/td>\n<td width=\"55%\">+ Kazimierz Wr\u00f3bel of. Kazimierz Kortyna<\/td>\n<\/tr>\n<tr>\n<td width=\"11%\">17.00<\/td>\n<td width=\"55%\">1. + Jan Macko of. Adam Ja\u015blar<\/p>\n<p>2. + za zmar\u0142ych rodzic\u00f3w: Stanis\u0142aw, Maria<\/td>\n<\/tr>\n<tr>\n<td rowspan=\"2\" width=\"32%\"><strong>\u015aroda\u00a0 <\/strong><\/p>\n<p>13.10.2021<\/td>\n<td width=\"11%\">\u00a0\u00a0\u00a0\u00a0\u00a0 7.00<\/td>\n<td width=\"55%\">+ Zofia Pitrus of. koledzy i kole\u017canki z kl. 8a<\/td>\n<\/tr>\n<tr>\n<td width=\"11%\">17.00<\/td>\n<td width=\"55%\">1. + J\u00f3zef \/15 r. \u015bmierci\/ i Stanis\u0142aw\u0119<\/p>\n<p>2. + Stanis\u0142aw\u0119 Suwa\u0142a \/10 r. \u015bmierci\/<\/td>\n<\/tr>\n<tr>\n<td rowspan=\"2\" width=\"32%\"><strong>Czwartek <\/strong><\/p>\n<p>14.10.2021<\/td>\n<td width=\"11%\">\u00a07.00<\/td>\n<td width=\"55%\">+ J\u00f3zef Szul of. r\u00f3\u017ca J\u00f3zefa Kijowskiego<\/td>\n<\/tr>\n<tr>\n<td width=\"11%\">17.00<\/td>\n<td width=\"55%\">1. + Ryszard Ku\u0144ka \/1 r. \u015bmierci\/<\/p>\n<p>2. + Maria Anatol Ciupka<\/td>\n<\/tr>\n<tr>\n<td rowspan=\"2\" width=\"32%\"><strong>Pi\u0105tek<\/strong><\/p>\n<p>15.10.2021<\/td>\n<td width=\"11%\">\u00a07.00<\/td>\n<td width=\"55%\">+ Julia, Piotr Mroczkowscy<\/td>\n<\/tr>\n<tr>\n<td width=\"11%\">17.00<\/td>\n<td width=\"55%\">1. + Kazimiera \/4 r. \u015bmierci\/ i Edward Budziak,<\/p>\n<p>Maria, Franciszek \/29 r. \u015bmierci\/\u00a0 Rzo\u0144ca i ks. W\u0142adys\u0142aw Stanek \/1 r. \u015bmierci\/<\/p>\n<p>2. + Helena, Stanis\u0142aw Leszczy\u0144scy i Monika<\/td>\n<\/tr>\n<tr>\n<td rowspan=\"2\" width=\"32%\"><strong>Sobota <\/strong><\/p>\n<p>16.10.2021<\/td>\n<td width=\"11%\">\u00a07.00<\/td>\n<td width=\"55%\">+ Antoni Bobak \/70 r. \u015bmierci\/<\/td>\n<\/tr>\n<tr>\n<td width=\"11%\">17.00<\/td>\n<td width=\"55%\">1. + Jan \/55 r. \u015bmierci\/ Michalina Szul oraz ich rodzice i dzieci<\/p>\n<p>2. + J\u00f3zef Sza\u0142ankiewicz of. \u017cona<\/td>\n<\/tr>\n<tr>\n<td rowspan=\"4\" width=\"32%\"><strong>NIEDZIELA <\/strong><\/p>\n<p>17.10.2021<\/td>\n<td width=\"11%\">7.30<\/td>\n<td width=\"55%\">+ Genowefa Folcik i zmarli z rodziny<\/td>\n<\/tr>\n<tr>\n<td width=\"11%\">9.15<\/td>\n<td width=\"55%\">+ Marian \u0106wi\u0105k\u0142a<\/td>\n<\/tr>\n<tr>\n<td width=\"11%\">11.00<\/td>\n<td width=\"55%\"><strong>Za Parafian<\/strong><\/td>\n<\/tr>\n<tr>\n<td width=\"11%\">16.30<\/td>\n<td width=\"55%\">+ Jan Szczepanik of. c\u00f3rka z rodzin\u0105<\/td>\n<\/tr>\n<\/tbody>\n<\/table>\n","protected":false},"excerpt":{"rendered":"<p>&nbsp; \u00a028 Niedziela zwyk\u0142a 11 \u2013 17.10.2021 r. Poniedzia\u0142ek 11.10.2021 \u00a0\u00a0\u00a0\u00a0\u00a0 7.00 + Paulina, Andrzej Haniak 17.00 1. + Krystyna Kraczkowska of. mama i siostra Kazimiera 2. + z rodziny Kuziemskich Wtorek 12.10.2021 \u00a07.00 + Kazimierz Wr\u00f3bel of. Kazimierz Kortyna 17.00 1. + Jan Macko of. Adam Ja\u015blar 2. +<span class=\"more-link\"><a href=\"https:\/\/parafiabesko.pl\/?p=9473\">Czytaj wi\u0119cej<\/a><\/span><\/p>\n","protected":false},"author":1,"featured_media":0,"comment_status":"closed","ping_status":"open","sticky":false,"template":"","format":"standard","meta":{"footnotes":""},"categories":[4],"tags":[],"class_list":["entry","author-adminparafiibesko","post-9473","post","type-post","status-publish","format-standard","category-intencje-mszalne"],"_links":{"self":[{"href":"https:\/\/parafiabesko.pl\/index.php?rest_route=\/wp\/v2\/posts\/9473","targetHints":{"allow":["GET"]}}],"collection":[{"href":"https:\/\/parafiabesko.pl\/index.php?rest_route=\/wp\/v2\/posts"}],"about":[{"href":"https:\/\/parafiabesko.pl\/index.php?rest_route=\/wp\/v2\/types\/post"}],"author":[{"embeddable":true,"href":"https:\/\/parafiabesko.pl\/index.php?rest_route=\/wp\/v2\/users\/1"}],"replies":[{"embeddable":true,"href":"https:\/\/parafiabesko.pl\/index.php?rest_route=%2Fwp%2Fv2%2Fcomments&post=9473"}],"version-history":[{"count":0,"href":"https:\/\/parafiabesko.pl\/index.php?rest_route=\/wp\/v2\/posts\/9473\/revisions"}],"wp:attachment":[{"href":"https:\/\/parafiabesko.pl\/index.php?rest_route=%2Fwp%2Fv2%2Fmedia&parent=9473"}],"wp:term":[{"taxonomy":"category","embeddable":true,"href":"https:\/\/parafiabesko.pl\/index.php?rest_route=%2Fwp%2Fv2%2Fcategories&post=9473"},{"taxonomy":"post_tag","embeddable":true,"href":"https:\/\/parafiabesko.pl\/index.php?rest_route=%2Fwp%2Fv2%2Ftags&post=9473"}],"curies":[{"name":"wp","href":"https:\/\/api.w.org\/{rel}","templated":true}]}}