{"id":9469,"date":"2021-10-04T12:28:44","date_gmt":"2021-10-04T12:28:44","guid":{"rendered":"http:\/\/parafiabesko.pl\/?p=9469"},"modified":"2021-10-04T12:28:44","modified_gmt":"2021-10-04T12:28:44","slug":"ogloszenia-parafialne-3","status":"publish","type":"post","link":"https:\/\/parafiabesko.pl\/?p=9469","title":{"rendered":"Og\u0142oszenia Parafialne 3.10.2021 r."},"content":{"rendered":"<h5><strong>27 \u00a0Niedziela zwyk\u0142a<\/strong><\/h5>\n<h5><strong>\u00a03.10.2021 roku<\/strong><\/h5>\n<h5>Dzisiaj Niedziela Adoracyjna, od godz. 12.00 do 16.00 prywatna adoracja rodzin<strong> o godz. 16.00 \u2013 procesja r\u00f3\u017ca\u0144cowa do pi\u0119ciu o\u0142tarzy i zmiana tajemnic r\u00f3\u017ca\u0144cowych. <\/strong><\/h5>\n<h5>Nabo\u017ce\u0144stwo r\u00f3\u017ca\u0144cowe w dni powszednie o godz. 17.00, a w niedziel\u0119 o godz. 16.00. Zach\u0119camy dzieci, m\u0142odzie\u017c i doros\u0142ych do udzia\u0142u w modlitwie r\u00f3\u017ca\u0144cowej. Tradycyjnie jest organizowany konkurs dla dzieci z losowaniem figurek Matki Bo\u017cej. W ko\u015bcio\u0142ach filialnych w \u00a0Mymoniu i w Por\u0119bach o godz. 17.00 r\u00f3\u017caniec prowadz\u0105 r\u00f3\u017ce r\u00f3\u017ca\u0144cowe.<\/h5>\n<h5>W poniedzia\u0142ek wspomnienie \u015bw. Franciszka z Asy\u017cu.<\/h5>\n<h5>We wtorek wspomnienie \u015bw. siostry Faustyny Kowalskiej, dziewicy.<\/h5>\n<h5>W \u015brod\u0119 po Mszy wieczorowej spotkanie ministrant\u00f3w.<\/h5>\n<h5>W czwartek wspomnienie MB R\u00f3\u017ca\u0144cowej.<\/h5>\n<h5>W przysz\u0142\u0105 niedziel\u0119 10 pa\u017adziernika wspomnienie b\u0142ogos\u0142awionej Marii Angeli Truszkowskiej dziewicy &#8211; za\u0142o\u017cycielki Zgromadzenia si\u00f3str Felicjanek, kt\u00f3re w naszej Parafii pe\u0142n\u0105 pos\u0142ug\u0119 od roku 1881 czyli 140 lat. W tym dniu modlimy si\u0119 w intencji si\u00f3str kt\u00f3re pracowa\u0142y i pracuj\u0105 w naszej Parafii o potrzebne dla nich \u0142aski.<\/h5>\n<h5>W przysz\u0142\u0105 niedziel\u0119 10 pa\u017adziernika b\u0119dzie obchodzony XXI Dzie\u0144 Papieski pod has\u0142em \u201eNie l\u0119kajcie si\u0119!\u201d. \u201eBy\u0142y to jedne z pierwszych s\u0142\u00f3w, z kt\u00f3rymi wyszed\u0142 do ludzi 22 pa\u017adziernika 1978 roku Jan Pawe\u0142 II. Odb\u0119dzie si\u0119 r\u00f3wnie\u017c zbi\u00f3rka po Mszach \u015bw. na \u201e\u017cywy pomnik\u201d Papie\u017ca \u2013 Polaka: stypendia dla zdolnej m\u0142odzie\u017cy z ubogich rodzin. Organizatorem Dnia Papieskiego jest Fundacja \u201eDzie\u0142o Nowego Tysi\u0105clecia\u201d. Od lat Fundacja utrzymuje ok. 2 tys. stypendyst\u00f3w. Wspierani s\u0105 oni od 7 klasy szko\u0142y podstawowej a\u017c do zako\u0144czenia studi\u00f3w Ka\u017cdego roku ok. 200 z nich zdobywa wykszta\u0142cenie i przeprowadzany jest nab\u00f3r 200- 250 nowych uczni\u00f3w. W ci\u0105gu 21 lat istnienia Fundacji DNT wsparciem obj\u0119to ju\u017c ponad 6 tys. m\u0142odych.<\/h5>\n<h5><strong>Dzisiejsza taca przeznaczona jest na Seminarium Duchowne w Przemy\u015blu.<\/strong><\/h5>\n<h5>W przysz\u0142\u0105 niedziel\u0119 na Mszy \u015bw. o godz. 9.15 wr\u0119czenie dzieciom klasy trzeciej po\u015bwi\u0119conych r\u00f3\u017ca\u0144c\u00f3w.<\/h5>\n","protected":false},"excerpt":{"rendered":"<p>27 \u00a0Niedziela zwyk\u0142a \u00a03.10.2021 roku Dzisiaj Niedziela Adoracyjna, od godz. 12.00 do 16.00 prywatna adoracja rodzin o godz. 16.00 \u2013 procesja r\u00f3\u017ca\u0144cowa do pi\u0119ciu o\u0142tarzy i zmiana tajemnic r\u00f3\u017ca\u0144cowych. Nabo\u017ce\u0144stwo r\u00f3\u017ca\u0144cowe w dni powszednie o godz. 17.00, a w niedziel\u0119 o godz. 16.00. Zach\u0119camy dzieci, m\u0142odzie\u017c i doros\u0142ych do udzia\u0142u<span class=\"more-link\"><a href=\"https:\/\/parafiabesko.pl\/?p=9469\">Czytaj wi\u0119cej<\/a><\/span><\/p>\n","protected":false},"author":1,"featured_media":0,"comment_status":"closed","ping_status":"open","sticky":false,"template":"","format":"standard","meta":{"footnotes":""},"categories":[7],"tags":[],"class_list":["entry","author-adminparafiibesko","post-9469","post","type-post","status-publish","format-standard","category-ogloszenia-parafialne"],"_links":{"self":[{"href":"https:\/\/parafiabesko.pl\/index.php?rest_route=\/wp\/v2\/posts\/9469","targetHints":{"allow":["GET"]}}],"collection":[{"href":"https:\/\/parafiabesko.pl\/index.php?rest_route=\/wp\/v2\/posts"}],"about":[{"href":"https:\/\/parafiabesko.pl\/index.php?rest_route=\/wp\/v2\/types\/post"}],"author":[{"embeddable":true,"href":"https:\/\/parafiabesko.pl\/index.php?rest_route=\/wp\/v2\/users\/1"}],"replies":[{"embeddable":true,"href":"https:\/\/parafiabesko.pl\/index.php?rest_route=%2Fwp%2Fv2%2Fcomments&post=9469"}],"version-history":[{"count":0,"href":"https:\/\/parafiabesko.pl\/index.php?rest_route=\/wp\/v2\/posts\/9469\/revisions"}],"wp:attachment":[{"href":"https:\/\/parafiabesko.pl\/index.php?rest_route=%2Fwp%2Fv2%2Fmedia&parent=9469"}],"wp:term":[{"taxonomy":"category","embeddable":true,"href":"https:\/\/parafiabesko.pl\/index.php?rest_route=%2Fwp%2Fv2%2Fcategories&post=9469"},{"taxonomy":"post_tag","embeddable":true,"href":"https:\/\/parafiabesko.pl\/index.php?rest_route=%2Fwp%2Fv2%2Ftags&post=9469"}],"curies":[{"name":"wp","href":"https:\/\/api.w.org\/{rel}","templated":true}]}}