{"id":9467,"date":"2021-10-04T12:21:45","date_gmt":"2021-10-04T12:21:45","guid":{"rendered":"http:\/\/parafiabesko.pl\/?p=9467"},"modified":"2021-10-04T12:21:45","modified_gmt":"2021-10-04T12:21:45","slug":"9467-2","status":"publish","type":"post","link":"https:\/\/parafiabesko.pl\/?p=9467","title":{"rendered":"Intencje Mszalne 4-10.10.2021 r."},"content":{"rendered":"<table width=\"101%\">\n<tbody>\n<tr>\n<td colspan=\"3\" width=\"100%\">&nbsp;<\/p>\n<p><strong>\u00a027 Niedziela zwyk\u0142a<\/strong><\/p>\n<p>4 \u2013 10.10.2021 r.<\/p>\n<p>&nbsp;<\/p>\n<p>&nbsp;<\/td>\n<\/tr>\n<tr>\n<td rowspan=\"2\" width=\"32%\"><strong>Poniedzia\u0142ek<\/strong><\/p>\n<p>4.10.2021<\/td>\n<td width=\"11%\">\u00a0\u00a0\u00a0\u00a0\u00a0 7.00<\/td>\n<td width=\"55%\">+ Franciszek, Wanda, Jan, Janina<\/td>\n<\/tr>\n<tr>\n<td width=\"11%\">17.00<\/td>\n<td width=\"55%\">1. \u2013 dzi\u0119kczynna w 18 rocznic\u0119 \u015blubu Agnieszki Piotra z pro\u015bb\u0105 o Bo\u017ce b\u0142ogos\u0142awie\u0144stwo dla ca\u0142ej rodziny<\/p>\n<p>2. + Maria Kielar \/2 rocznica \u015bmierci\/<\/td>\n<\/tr>\n<tr>\n<td rowspan=\"2\" width=\"32%\"><strong>Wtorek <\/strong><\/p>\n<p>5.10.2021<\/td>\n<td width=\"11%\">\u00a07.00<\/p>\n<p>&nbsp;<\/p>\n<p><strong>15.00<\/strong><\/td>\n<td width=\"55%\">&#8211; dzi\u0119kczynna w 25 rocznic\u0119 \u015blubu Marzeny i J\u00f3zefa z pro\u015bb\u0105 o Bo\u017ce b\u0142ogos\u0142awie\u0144stwo dla ca\u0142ej rodziny of. synowie<\/p>\n<p><strong>&#8211; w intencji dzieci, rodzic\u00f3w i pracownik\u00f3w przedszkola si\u00f3str Felicjanek<\/strong><\/td>\n<\/tr>\n<tr>\n<td width=\"11%\">17.00<\/td>\n<td width=\"55%\">1. + Edward Dominiak<\/p>\n<p>2. \u2013 w intencji Panu Bogu wiadomej<\/td>\n<\/tr>\n<tr>\n<td rowspan=\"2\" width=\"32%\"><strong>\u015aroda\u00a0 <\/strong><\/p>\n<p>6.10.2021<\/td>\n<td width=\"11%\">\u00a0\u00a0\u00a0\u00a0\u00a0 7.00<\/td>\n<td width=\"55%\">+ Edward, J\u00f3zef Pihut<\/td>\n<\/tr>\n<tr>\n<td width=\"11%\">17.00<\/td>\n<td width=\"55%\">1. + Edward, Kazimiera Budziak<\/p>\n<p>2. + Ryszard Szczudlik of. rodzina<\/td>\n<\/tr>\n<tr>\n<td rowspan=\"2\" width=\"32%\"><strong>Czwartek <\/strong><\/p>\n<p>7.10.2021<\/td>\n<td width=\"11%\">\u00a07.00<\/td>\n<td width=\"55%\">+ Edward, Stanis\u0142aw, Pawe\u0142<\/td>\n<\/tr>\n<tr>\n<td width=\"11%\">17.00<\/td>\n<td width=\"55%\">1. + Jan \/28 rocznica \u015bmierci\/ i Kazimiera Szul<\/p>\n<p>2. + rodzic\u00f3w: Stanis\u0142aw\u0119, Grzegorz Kielar<\/td>\n<\/tr>\n<tr>\n<td rowspan=\"2\" width=\"32%\"><strong>Pi\u0105tek<\/strong><\/p>\n<p>8.10.2021<\/td>\n<td width=\"11%\">\u00a07.00<\/td>\n<td width=\"55%\">+ Magdalena, Antoni, Jan Pihut<\/td>\n<\/tr>\n<tr>\n<td width=\"11%\">17.00<\/td>\n<td width=\"55%\">1. + Stanis\u0142aw D\u0105browski<\/p>\n<p>2. + Krystyna, Stanis\u0142aw Mroczkowscy<\/td>\n<\/tr>\n<tr>\n<td rowspan=\"2\" width=\"32%\"><strong>Sobota <\/strong><\/p>\n<p>9.10.2021<\/td>\n<td width=\"11%\">\u00a07.00<\/td>\n<td width=\"55%\">+ Teresa \/17 rocznica \u015bmierci\/ i J\u00f3zef Sieniawscy<\/p>\n<p>&nbsp;<\/td>\n<\/tr>\n<tr>\n<td width=\"11%\">17.00<\/td>\n<td width=\"55%\">+ Maria Mermer \/3 rocznica \u015bmierci<\/td>\n<\/tr>\n<tr>\n<td rowspan=\"4\" width=\"32%\"><strong>NIEDZIELA <\/strong><\/p>\n<p>10.10.2021<\/td>\n<td width=\"11%\">7.30<\/td>\n<td width=\"55%\">+ Zofia, J\u00f3zef, Stanis\u0142aw Szybka<\/td>\n<\/tr>\n<tr>\n<td width=\"11%\">9.15<\/td>\n<td width=\"55%\">+ Anna, Ludwik Zubik<\/td>\n<\/tr>\n<tr>\n<td width=\"11%\">11.00<\/td>\n<td width=\"55%\"><strong>Za Parafian<\/strong><\/td>\n<\/tr>\n<tr>\n<td width=\"11%\">16.30<\/td>\n<td width=\"55%\">+ J\u00f3zef Kruczkiewicz \/14 rocznica \u015bmierci\/<\/td>\n<\/tr>\n<\/tbody>\n<\/table>\n","protected":false},"excerpt":{"rendered":"<p>&nbsp; \u00a027 Niedziela zwyk\u0142a 4 \u2013 10.10.2021 r. &nbsp; &nbsp; Poniedzia\u0142ek 4.10.2021 \u00a0\u00a0\u00a0\u00a0\u00a0 7.00 + Franciszek, Wanda, Jan, Janina 17.00 1. \u2013 dzi\u0119kczynna w 18 rocznic\u0119 \u015blubu Agnieszki Piotra z pro\u015bb\u0105 o Bo\u017ce b\u0142ogos\u0142awie\u0144stwo dla ca\u0142ej rodziny 2. + Maria Kielar \/2 rocznica \u015bmierci\/ Wtorek 5.10.2021 \u00a07.00 &nbsp; 15.00 &#8211;<span class=\"more-link\"><a href=\"https:\/\/parafiabesko.pl\/?p=9467\">Czytaj wi\u0119cej<\/a><\/span><\/p>\n","protected":false},"author":1,"featured_media":0,"comment_status":"closed","ping_status":"open","sticky":false,"template":"","format":"standard","meta":{"footnotes":""},"categories":[4],"tags":[],"class_list":["entry","author-adminparafiibesko","post-9467","post","type-post","status-publish","format-standard","category-intencje-mszalne"],"_links":{"self":[{"href":"https:\/\/parafiabesko.pl\/index.php?rest_route=\/wp\/v2\/posts\/9467","targetHints":{"allow":["GET"]}}],"collection":[{"href":"https:\/\/parafiabesko.pl\/index.php?rest_route=\/wp\/v2\/posts"}],"about":[{"href":"https:\/\/parafiabesko.pl\/index.php?rest_route=\/wp\/v2\/types\/post"}],"author":[{"embeddable":true,"href":"https:\/\/parafiabesko.pl\/index.php?rest_route=\/wp\/v2\/users\/1"}],"replies":[{"embeddable":true,"href":"https:\/\/parafiabesko.pl\/index.php?rest_route=%2Fwp%2Fv2%2Fcomments&post=9467"}],"version-history":[{"count":0,"href":"https:\/\/parafiabesko.pl\/index.php?rest_route=\/wp\/v2\/posts\/9467\/revisions"}],"wp:attachment":[{"href":"https:\/\/parafiabesko.pl\/index.php?rest_route=%2Fwp%2Fv2%2Fmedia&parent=9467"}],"wp:term":[{"taxonomy":"category","embeddable":true,"href":"https:\/\/parafiabesko.pl\/index.php?rest_route=%2Fwp%2Fv2%2Fcategories&post=9467"},{"taxonomy":"post_tag","embeddable":true,"href":"https:\/\/parafiabesko.pl\/index.php?rest_route=%2Fwp%2Fv2%2Ftags&post=9467"}],"curies":[{"name":"wp","href":"https:\/\/api.w.org\/{rel}","templated":true}]}}