{"id":9339,"date":"2021-09-26T14:39:44","date_gmt":"2021-09-26T14:39:44","guid":{"rendered":"http:\/\/parafiabesko.pl\/?p=9339"},"modified":"2021-09-26T14:39:44","modified_gmt":"2021-09-26T14:39:44","slug":"nabozenstwa-rozancowe","status":"publish","type":"post","link":"https:\/\/parafiabesko.pl\/?p=9339","title":{"rendered":"Nabo\u017ce\u0144stwa r\u00f3\u017ca\u0144cowe"},"content":{"rendered":"<p><strong><u>NABO\u017bE\u0143STWA R\u00d3\u017bA\u0143COWE<\/u><\/strong><\/p>\n<p><b>w Parafii Besko &#8211; Pa\u017adziernik 2021 r.<\/b><\/p>\n<table width=\"509\">\n<tbody>\n<tr>\n<td width=\"325\"><strong>Data<\/strong><\/td>\n<td width=\"325\"><strong>Prowadz\u0105cy<\/strong><\/td>\n<\/tr>\n<tr>\n<td width=\"325\"><strong>1 pa\u017adziernik\u00a0<\/strong><em>(pi\u0105tek)<\/em><\/td>\n<td width=\"325\"><strong>Akcja Katolicka<\/strong><\/p>\n<p><em>(ks. Proboszcz)<\/em><\/td>\n<\/tr>\n<tr>\n<td width=\"325\"><strong>2 pa\u017adziernik\u00a0<\/strong><em>(sobota)<\/em><\/td>\n<td width=\"325\"><strong>FATIMA<\/strong><\/td>\n<\/tr>\n<tr>\n<td width=\"325\"><strong>3 pa\u017adziernik\u00a0<\/strong><em>(niedziela)<\/em><\/td>\n<td width=\"325\"><strong>&#8212;&#8212;&#8212;&#8212;&#8212;&#8212;<\/strong><\/td>\n<\/tr>\n<tr>\n<td width=\"325\"><strong>4 pa\u017adziernik\u00a0<\/strong><em>(poniedzia\u0142ek)<\/em><\/td>\n<td width=\"325\"><strong>KLASA 6 a <\/strong><em>(ks. Artur)<\/em><\/td>\n<\/tr>\n<tr>\n<td width=\"325\"><strong>5 pa\u017adziernik\u00a0<\/strong><em>(wtorek)<\/em><\/td>\n<td width=\"325\"><strong>KLASA 6 b <\/strong><em>(ks. Artur)<\/em><\/td>\n<\/tr>\n<tr>\n<td width=\"325\"><strong>6 pa\u017adziernik\u00a0<\/strong><em>(\u015broda)<\/em><\/td>\n<td width=\"325\"><strong>KLASA 5 a <\/strong><em>(ks. Artur)<\/em><\/td>\n<\/tr>\n<tr>\n<td width=\"325\"><strong>7 pa\u017adziernik\u00a0<\/strong><em>(czwartek)<\/em><\/td>\n<td width=\"325\"><strong>KLASA 5 b\u00a0<\/strong><em>(ks. Artur)<\/em><\/td>\n<\/tr>\n<tr>\n<td width=\"325\"><strong>8 pa\u017adziernik\u00a0<\/strong><em>(pi\u0105tek)<\/em><\/td>\n<td width=\"325\"><strong>Ko\u015bci\u00f3\u0142 Domowy <\/strong><em>(ks. Artur)<\/em><\/td>\n<\/tr>\n<tr>\n<td width=\"325\"><strong>9 pa\u017adziernik\u00a0<\/strong><em>(sobota)<\/em><\/td>\n<td width=\"325\"><strong>Ministranci\u00a0<\/strong><em>(ks. Artur)<\/em><\/td>\n<\/tr>\n<tr>\n<td width=\"325\"><strong>10 pa\u017adziernik\u00a0<\/strong><em>(niedziela)<\/em><\/td>\n<td width=\"325\"><strong>&#8212;&#8212;&#8212;&#8212;&#8212;&#8211;<\/strong><\/td>\n<\/tr>\n<tr>\n<td width=\"325\"><strong>11 pa\u017adziernik\u00a0<\/strong><em>( poniedzia\u0142ek)<\/em><\/td>\n<td width=\"325\"><strong>Krucjata Wyzwolenia Cz\u0142owieka<\/strong><\/p>\n<p><em>(ks. Proboszcz)<\/em><\/td>\n<\/tr>\n<tr>\n<td width=\"325\"><strong>12 pa\u017adziernik\u00a0<\/strong><em>(wtorek)<\/em><\/td>\n<td width=\"325\"><strong>R\u00f3\u017ce r\u00f3\u017ca\u0144cowe &#8211; zelatorzy<\/strong><\/p>\n<p><em>(ks. Proboszcz)<\/em><\/td>\n<\/tr>\n<tr>\n<td width=\"325\"><strong>13 pa\u017adziernik\u00a0<\/strong><em>(\u015broda)<\/em><\/td>\n<td width=\"325\"><strong>Schola <\/strong><em>(Edyta Frydryk)<\/em><\/p>\n<p><em>(ks. Proboszcz)<\/em><\/td>\n<\/tr>\n<tr>\n<td width=\"325\"><strong>14 pa\u017adziernik\u00a0<\/strong><em>(czwartek)<\/em><\/td>\n<td width=\"325\"><strong>\u00a0Schola <\/strong><em>(Ola Wielob\u00f3b)<\/em><\/p>\n<p><em>(ks. Proboszcz)<\/em><\/td>\n<\/tr>\n<tr>\n<td width=\"325\"><strong>15 pa\u017adziernik\u00a0<\/strong><em>(pi\u0105tek)<\/em><\/td>\n<td width=\"325\"><strong>Rada Parafialna <\/strong><em>(ks. Proboszcz))<\/em><\/td>\n<\/tr>\n<tr>\n<td width=\"325\"><strong>16 pa\u017adziernik\u00a0<\/strong><em>(sobota)<\/em><\/td>\n<td width=\"325\"><strong>Rodzice <\/strong><em>(<\/em><em>Agata Maciej Niemczyk<\/em><em>)<\/em><\/p>\n<p><em>(ks. Proboszcz)<\/em><\/td>\n<\/tr>\n<tr>\n<td width=\"325\"><strong>17 pa\u017adziernik\u00a0<\/strong><em>(niedziela)<\/em><\/td>\n<td width=\"325\"><strong>&#8212;&#8212;&#8212;&#8212;&#8212;&#8212;<\/strong><\/td>\n<\/tr>\n<tr>\n<td width=\"325\"><strong>18 pa\u017adziernik\u00a0<\/strong><em>(poniedzia\u0142ek)<\/em><\/td>\n<td width=\"325\"><strong>KLASA 8 a <\/strong><em>(ks. Pawe\u0142)<\/em><\/td>\n<\/tr>\n<tr>\n<td width=\"325\"><strong>19 pa\u017adziernik\u00a0<\/strong><em>(wtorek)<\/em><\/td>\n<td width=\"325\"><strong>KLASA 8 b <\/strong><em>(ks. Pawe\u0142)<\/em><\/td>\n<\/tr>\n<tr>\n<td width=\"325\"><strong>20 pa\u017adziernik\u00a0<\/strong><em>(\u015broda)<\/em><\/td>\n<td width=\"325\"><strong>KLASA 7 a <\/strong><em>(ks. Pawe\u0142)<\/em><\/td>\n<\/tr>\n<tr>\n<td width=\"325\"><strong>21 pa\u017adziernik\u00a0<\/strong><em>(czwartek)<\/em><\/td>\n<td width=\"325\"><strong>KLASA 7 b <\/strong><em>(ks. Pawe\u0142)<\/em><\/td>\n<\/tr>\n<tr>\n<td width=\"325\"><strong>22 pa\u017adziernik\u00a0<\/strong><em>(pi\u0105tek)<\/em><\/td>\n<td width=\"325\"><strong>KLASA 7 c<\/strong><strong><em>\u00a0<\/em><\/strong><em>(ks. Pawe\u0142)<\/em><\/td>\n<\/tr>\n<tr>\n<td width=\"325\"><strong>23 pa\u017adziernik\u00a0<\/strong><em>(sobota)<\/em><\/td>\n<td width=\"325\"><strong>KSM <\/strong><em>(ks. Pawe\u0142)<\/em><\/td>\n<\/tr>\n<tr>\n<td width=\"325\"><strong>24 pa\u017adziernik\u00a0<\/strong><em>(niedziela)<\/em><\/td>\n<td width=\"325\"><strong>&#8212;&#8212;&#8212;&#8212;&#8212;-<\/strong><\/td>\n<\/tr>\n<tr>\n<td width=\"325\"><strong>25 pa\u017adziernik\u00a0<\/strong><em>(poniedzia\u0142ek)<\/em><\/td>\n<td width=\"325\"><strong>Dzieci i rodzice z Przedszkola s. Felicjanek\u00a0<\/strong><\/p>\n<p><em>(s. Barbara i s. Amelia)<\/em><\/td>\n<\/tr>\n<tr>\n<td width=\"325\"><strong>26 pa\u017adziernik\u00a0<\/strong><em>(wtorek)<\/em><\/td>\n<td width=\"325\"><strong>Ko\u0142o misyjne <\/strong><em>(s. Klara)<\/em><\/td>\n<\/tr>\n<tr>\n<td width=\"325\"><strong>27 pa\u017adziernik\u00a0<\/strong><em>(\u015broda)<\/em><\/td>\n<td width=\"325\"><strong>KLASA 3 a <\/strong><em>(s. Klara)<\/em><\/td>\n<\/tr>\n<tr>\n<td width=\"325\"><strong>28 pa\u017adziernik\u00a0<\/strong><em>(czwartek)<\/em><\/td>\n<td width=\"325\"><strong>KLASA 3 b <\/strong><em>(s. Klara)<\/em><\/td>\n<\/tr>\n<tr>\n<td width=\"325\"><strong>29 pa\u017adziernik\u00a0<\/strong><em>(pi\u0105tek)<\/em><\/td>\n<td width=\"325\"><strong>KLASY 4 a i b<\/strong><em> (s. Klara)<\/em><\/td>\n<\/tr>\n<tr>\n<td width=\"325\"><strong>30 pa\u017adziernik\u00a0<\/strong><em>(sobota)<\/em><\/td>\n<td width=\"325\"><strong>Ch\u00f3r parafialny<\/strong><\/td>\n<\/tr>\n<tr>\n<td width=\"325\"><strong>31 pa\u017adziernik\u00a0<\/strong><em>(niedziela)<\/em><\/td>\n<td width=\"325\"><strong>&#8212;&#8212;&#8212;&#8212;&#8212;-<\/strong><\/td>\n<\/tr>\n<\/tbody>\n<\/table>\n","protected":false},"excerpt":{"rendered":"<p>NABO\u017bE\u0143STWA R\u00d3\u017bA\u0143COWE w Parafii Besko &#8211; Pa\u017adziernik 2021 r. Data Prowadz\u0105cy 1 pa\u017adziernik\u00a0(pi\u0105tek) Akcja Katolicka (ks. Proboszcz) 2 pa\u017adziernik\u00a0(sobota) FATIMA 3 pa\u017adziernik\u00a0(niedziela) &#8212;&#8212;&#8212;&#8212;&#8212;&#8212; 4 pa\u017adziernik\u00a0(poniedzia\u0142ek) KLASA 6 a (ks. Artur) 5 pa\u017adziernik\u00a0(wtorek) KLASA 6 b (ks. Artur) 6 pa\u017adziernik\u00a0(\u015broda) KLASA 5 a (ks. Artur) 7 pa\u017adziernik\u00a0(czwartek) KLASA 5 b\u00a0(ks. Artur)<span class=\"more-link\"><a href=\"https:\/\/parafiabesko.pl\/?p=9339\">Czytaj wi\u0119cej<\/a><\/span><\/p>\n","protected":false},"author":1,"featured_media":0,"comment_status":"closed","ping_status":"open","sticky":false,"template":"","format":"standard","meta":{"footnotes":""},"categories":[6],"tags":[],"class_list":["entry","author-adminparafiibesko","post-9339","post","type-post","status-publish","format-standard","category-uncategorized"],"_links":{"self":[{"href":"https:\/\/parafiabesko.pl\/index.php?rest_route=\/wp\/v2\/posts\/9339","targetHints":{"allow":["GET"]}}],"collection":[{"href":"https:\/\/parafiabesko.pl\/index.php?rest_route=\/wp\/v2\/posts"}],"about":[{"href":"https:\/\/parafiabesko.pl\/index.php?rest_route=\/wp\/v2\/types\/post"}],"author":[{"embeddable":true,"href":"https:\/\/parafiabesko.pl\/index.php?rest_route=\/wp\/v2\/users\/1"}],"replies":[{"embeddable":true,"href":"https:\/\/parafiabesko.pl\/index.php?rest_route=%2Fwp%2Fv2%2Fcomments&post=9339"}],"version-history":[{"count":0,"href":"https:\/\/parafiabesko.pl\/index.php?rest_route=\/wp\/v2\/posts\/9339\/revisions"}],"wp:attachment":[{"href":"https:\/\/parafiabesko.pl\/index.php?rest_route=%2Fwp%2Fv2%2Fmedia&parent=9339"}],"wp:term":[{"taxonomy":"category","embeddable":true,"href":"https:\/\/parafiabesko.pl\/index.php?rest_route=%2Fwp%2Fv2%2Fcategories&post=9339"},{"taxonomy":"post_tag","embeddable":true,"href":"https:\/\/parafiabesko.pl\/index.php?rest_route=%2Fwp%2Fv2%2Ftags&post=9339"}],"curies":[{"name":"wp","href":"https:\/\/api.w.org\/{rel}","templated":true}]}}