{"id":9337,"date":"2021-09-26T14:35:36","date_gmt":"2021-09-26T14:35:36","guid":{"rendered":"http:\/\/parafiabesko.pl\/?p=9337"},"modified":"2021-09-26T14:35:36","modified_gmt":"2021-09-26T14:35:36","slug":"ogloszenia-parafialne-26-09-2021-r","status":"publish","type":"post","link":"https:\/\/parafiabesko.pl\/?p=9337","title":{"rendered":"Og\u0142oszenia parafialne 26.09.2021 r."},"content":{"rendered":"<h5><strong>26 \u00a0Niedziela zwyk\u0142a <\/strong><strong>26.09.2021 roku<\/strong><\/h5>\n<p>&nbsp;<\/p>\n<h5>Od jutra nabo\u017ce\u0144stwa popo\u0142udniowe w ko\u015bciele parafialnym w Besku b\u0119d\u0105 odprawiane o jedn\u0105 godzin\u0119 wcze\u015bniej, czyli o godz. 17.00.<\/h5>\n<h5>Spowied\u017a \u015bwi\u0119ta przed pierwszym pi\u0105tkiem miesi\u0105ca od poniedzia\u0142ku rano\u00a0\u00a0\u00a0 i wieczorem przed Msz\u0105 \u015bwi\u0119t\u0105. Dzieci i m\u0142odzie\u017c do spowiedzi prosimy we \u015brod\u0119 od godziny 16.00.<\/h5>\n<h5>W poniedzia\u0142ek o godz. 17.00 modlitwa przy relikwiach \u015bw. Jana Paw\u0142a II.<\/h5>\n<h5>We wtorek o godz. 17.00 nabo\u017ce\u0144stwo do Bo\u017cego Mi\u0142osierdzia.<\/h5>\n<h5>W \u015brod\u0119 o godz. 17.00 Nowenna do Matki Bo\u017cej Nieustaj\u0105cej Pomocy.<\/h5>\n<h5>Pierwszy pi\u0105tek miesi\u0105ca. Rano o godz. 7.00 Msza \u015bw. i nabo\u017ce\u0144stwo do NSPJ, adoruje r\u00f3\u017ca Kr\u00f3lowej Polski prze\u0142o\u017cona Maria Kasperkiewicz. Chorych w Besku odwiedzamy od godz. 8.00. W Por\u0119bach i Mymoniu o godz. 15.00 nabo\u017ce\u0144stwo r\u00f3\u017ca\u0144cowe, spowied\u017a i Msza \u015bw.<\/h5>\n<h5>Od pi\u0105tku rozpoczyna si\u0119 miesi\u0105c pa\u017adziernik, a zatem rozpoczynaj\u0105 si\u0119 nabo\u017ce\u0144stwa r\u00f3\u017ca\u0144cowe \u2013 za udzia\u0142 w nich mo\u017cna zyska\u0107 odpust zupe\u0142ny pod zwyk\u0142ymi warunkami. Nabo\u017ce\u0144stwo r\u00f3\u017ca\u0144cowe w dni powszednie o godzinie 17.00, a w niedziel\u0119 o godzinie 16.00. Zach\u0119camy dzieci, m\u0142odzie\u017c i doros\u0142ych do udzia\u0142u w modlitwie r\u00f3\u017ca\u0144cowej. Tradycyjnie b\u0119dzie organizowany konkurs dla dzieci z losowaniem figurek Matki Bo\u017cej w tym roku konkurs ten rozpocznie si\u0119 w najbli\u017cszy pi\u0105tek. W ko\u015bcio\u0142ach filialnych r\u00f3\u017caniec codziennie w dni powszednie o godz. 17.00, a w niedziele po Mszy \u015bw. prowadz\u0105 r\u00f3\u017ce r\u00f3\u017ca\u0144cowe.<\/h5>\n<h5>Pierwsza sobota miesi\u0105ca. Rano o godz. 7.00 Msza \u015bw. i nabo\u017ce\u0144stwo do Matki Bo\u017cej, adoruje r\u00f3\u017ca Matki Mi\u0142osierdzia prze\u0142o\u017cona Teresa Marchel. Wieczorem o godz. 19.00 ostatni w tym roku wiecz\u00f3r fatimski.<\/h5>\n<h5>W przysz\u0142\u0105 niedziel\u0119 &#8211; Niedziela Adoracyjna, od godziny 12.00 do 16.00 prywatna adoracja rodzin<strong> o godzinie 16.00 \u2013 procesja r\u00f3\u017ca\u0144cowa do pi\u0119ciu o\u0142tarzy i zmiana tajemnic r\u00f3\u017ca\u0144cowych. <\/strong><\/h5>\n<h5>Lista klas szkolnych czy grup parafialnych prowadz\u0105cych r\u00f3\u017caniec w kolejne dni miesi\u0105ca pa\u017adziernika w naszym ko\u015bciele wywieszona jest w przedsionku ko\u015bcio\u0142a, prosimy si\u0119 z ni\u0105 zapozna\u0107.<\/h5>\n","protected":false},"excerpt":{"rendered":"<p>26 \u00a0Niedziela zwyk\u0142a 26.09.2021 roku &nbsp; Od jutra nabo\u017ce\u0144stwa popo\u0142udniowe w ko\u015bciele parafialnym w Besku b\u0119d\u0105 odprawiane o jedn\u0105 godzin\u0119 wcze\u015bniej, czyli o godz. 17.00. Spowied\u017a \u015bwi\u0119ta przed pierwszym pi\u0105tkiem miesi\u0105ca od poniedzia\u0142ku rano\u00a0\u00a0\u00a0 i wieczorem przed Msz\u0105 \u015bwi\u0119t\u0105. Dzieci i m\u0142odzie\u017c do spowiedzi prosimy we \u015brod\u0119 od godziny 16.00.<span class=\"more-link\"><a href=\"https:\/\/parafiabesko.pl\/?p=9337\">Czytaj wi\u0119cej<\/a><\/span><\/p>\n","protected":false},"author":1,"featured_media":0,"comment_status":"closed","ping_status":"open","sticky":false,"template":"","format":"standard","meta":{"footnotes":""},"categories":[7],"tags":[],"class_list":["entry","author-adminparafiibesko","post-9337","post","type-post","status-publish","format-standard","category-ogloszenia-parafialne"],"_links":{"self":[{"href":"https:\/\/parafiabesko.pl\/index.php?rest_route=\/wp\/v2\/posts\/9337","targetHints":{"allow":["GET"]}}],"collection":[{"href":"https:\/\/parafiabesko.pl\/index.php?rest_route=\/wp\/v2\/posts"}],"about":[{"href":"https:\/\/parafiabesko.pl\/index.php?rest_route=\/wp\/v2\/types\/post"}],"author":[{"embeddable":true,"href":"https:\/\/parafiabesko.pl\/index.php?rest_route=\/wp\/v2\/users\/1"}],"replies":[{"embeddable":true,"href":"https:\/\/parafiabesko.pl\/index.php?rest_route=%2Fwp%2Fv2%2Fcomments&post=9337"}],"version-history":[{"count":0,"href":"https:\/\/parafiabesko.pl\/index.php?rest_route=\/wp\/v2\/posts\/9337\/revisions"}],"wp:attachment":[{"href":"https:\/\/parafiabesko.pl\/index.php?rest_route=%2Fwp%2Fv2%2Fmedia&parent=9337"}],"wp:term":[{"taxonomy":"category","embeddable":true,"href":"https:\/\/parafiabesko.pl\/index.php?rest_route=%2Fwp%2Fv2%2Fcategories&post=9337"},{"taxonomy":"post_tag","embeddable":true,"href":"https:\/\/parafiabesko.pl\/index.php?rest_route=%2Fwp%2Fv2%2Ftags&post=9337"}],"curies":[{"name":"wp","href":"https:\/\/api.w.org\/{rel}","templated":true}]}}