{"id":9335,"date":"2021-09-26T14:30:35","date_gmt":"2021-09-26T14:30:35","guid":{"rendered":"http:\/\/parafiabesko.pl\/?p=9335"},"modified":"2021-09-26T14:30:35","modified_gmt":"2021-09-26T14:30:35","slug":"intencje-mszalne-27-09-3-10-2021-r","status":"publish","type":"post","link":"https:\/\/parafiabesko.pl\/?p=9335","title":{"rendered":"Intencje mszalne 27.09.-3.10.2021 r."},"content":{"rendered":"<table width=\"101%\">\n<tbody>\n<tr>\n<td colspan=\"3\" width=\"100%\">&nbsp;<\/p>\n<p><strong>\u00a025 Niedziela zwyk\u0142a<\/strong><\/p>\n<p>27 \u2013 3.10.2021 r.<\/p>\n<p>&nbsp;<\/td>\n<\/tr>\n<tr>\n<td rowspan=\"2\" width=\"32%\"><strong>Poniedzia\u0142ek<\/strong><\/p>\n<p>27.09.2021<\/td>\n<td width=\"11%\">7.00<\/p>\n<p>&nbsp;<\/td>\n<td width=\"55%\">+ Stanis\u0142aw\u0119 Suwa\u0142a \/10 r. \u015bm.\/<\/td>\n<\/tr>\n<tr>\n<td width=\"11%\">17.00<\/td>\n<td width=\"55%\">1. + Jerzy Szul<\/p>\n<p>2. + Maria, Wawrzyniec Michnowicz i zmarli z rodziny<\/td>\n<\/tr>\n<tr>\n<td rowspan=\"2\" width=\"32%\"><strong>Wtorek <\/strong><\/p>\n<p>28.09.2021<\/td>\n<td width=\"11%\">7.00<\/td>\n<td width=\"55%\">+ Joanna Mysi\u0144ska of. s\u0105siedzi c\u00f3rki Marty<\/td>\n<\/tr>\n<tr>\n<td width=\"11%\">17.00<\/td>\n<td width=\"55%\">1. + Katarzyna Bo\u0142d\u00a0 \/1 r. \u015bm.\/<\/p>\n<p>2. + W\u0142adys\u0142aw Suwa\u0142a \/16 r. \u015bm.\/, Rozalia, Piotr Kielar<\/td>\n<\/tr>\n<tr>\n<td rowspan=\"2\" width=\"32%\"><strong>\u015aroda\u00a0 <\/strong><\/p>\n<p>29.09.2021<\/td>\n<td width=\"11%\">7.00<\/td>\n<td width=\"55%\">+ Michalina, Jan Szul i zmar\u0142e dzieci<\/td>\n<\/tr>\n<tr>\n<td width=\"11%\">17.00<\/td>\n<td width=\"55%\">1. \u2013 o b\u0142ogos\u0142awie\u0144stwo Bo\u017ce dla si\u00f3str i ich rodzin z \u00a0\u00a0\u00a0\u00a0r\u00f3\u017cy \u015bw. Marty prze\u0142o\u017cona Maria Szyndler<\/p>\n<p>2. + Stefania Janowska \/1 r. \u015bmierci\/<\/td>\n<\/tr>\n<tr>\n<td rowspan=\"2\" width=\"32%\"><strong>Czwartek <\/strong><\/p>\n<p>30.09.2021<\/td>\n<td width=\"11%\">7.00<\/td>\n<td width=\"55%\">&#8211; o \u0142ask\u0119 zdrowia<\/td>\n<\/tr>\n<tr>\n<td width=\"11%\">17.00<\/td>\n<td width=\"55%\">1. + Katarzyna Radetz \/20 r. \u015bm.\/<\/p>\n<p>2. + za zmar\u0142ych z rodzin r\u00f3\u017cy Wniebowzi\u0119cia NMP prze\u0142o\u017cona Agata Mroczkowska<\/td>\n<\/tr>\n<tr>\n<td rowspan=\"2\" width=\"32%\"><strong>Pi\u0105tek<\/strong><\/p>\n<p>1.10.2021<\/td>\n<td width=\"11%\">7.00<\/td>\n<td width=\"55%\">+ Zofia Pitrus of. s\u0105siedzi z ul. \u0141\u0105kowej, Morelowej, B\u0142onie<\/td>\n<\/tr>\n<tr>\n<td width=\"11%\">17.00<\/td>\n<td width=\"55%\">+ Irena Suwa\u0142a<\/td>\n<\/tr>\n<tr>\n<td rowspan=\"2\" width=\"32%\"><strong>Sobota <\/strong><\/p>\n<p>2.10.2021<\/p>\n<p><strong>FATIMA<\/strong><\/td>\n<td width=\"11%\">7.00<\/td>\n<td width=\"55%\">+ J\u00f3zef Szul of. s\u0105siedzi z ul. Hrabe\u0144skiej<\/td>\n<\/tr>\n<tr>\n<td width=\"11%\">19.00<\/td>\n<td width=\"55%\">1. + Daniel Pelczar<\/p>\n<p>2. + Tomasz Hajduk of. s\u0105siedzi z ul. B\u0142onie<\/td>\n<\/tr>\n<tr>\n<td rowspan=\"4\" width=\"32%\"><strong>NIEDZIELA <\/strong><\/p>\n<p>3.10.2021<\/td>\n<td width=\"11%\">7.30<\/td>\n<td width=\"55%\">+ Zofia, J\u00f3zef, Stanis\u0142aw Szybka<\/td>\n<\/tr>\n<tr>\n<td width=\"11%\">9.15<\/td>\n<td width=\"55%\">+ Irena Tele\u017cy\u0144ska \/14 r. \u015bmierci\/<\/td>\n<\/tr>\n<tr>\n<td width=\"11%\">11.00<\/td>\n<td width=\"55%\"><strong>Za Parafian<\/strong><\/td>\n<\/tr>\n<tr>\n<td width=\"11%\">16.30<\/td>\n<td width=\"55%\">+ Stanis\u0142aw Borkowski<\/td>\n<\/tr>\n<\/tbody>\n<\/table>\n","protected":false},"excerpt":{"rendered":"<p>&nbsp; \u00a025 Niedziela zwyk\u0142a 27 \u2013 3.10.2021 r. &nbsp; Poniedzia\u0142ek 27.09.2021 7.00 &nbsp; + Stanis\u0142aw\u0119 Suwa\u0142a \/10 r. \u015bm.\/ 17.00 1. + Jerzy Szul 2. + Maria, Wawrzyniec Michnowicz i zmarli z rodziny Wtorek 28.09.2021 7.00 + Joanna Mysi\u0144ska of. s\u0105siedzi c\u00f3rki Marty 17.00 1. + Katarzyna Bo\u0142d\u00a0 \/1 r.<span class=\"more-link\"><a href=\"https:\/\/parafiabesko.pl\/?p=9335\">Czytaj wi\u0119cej<\/a><\/span><\/p>\n","protected":false},"author":1,"featured_media":0,"comment_status":"closed","ping_status":"open","sticky":false,"template":"","format":"standard","meta":{"footnotes":""},"categories":[4],"tags":[],"class_list":["entry","author-adminparafiibesko","post-9335","post","type-post","status-publish","format-standard","category-intencje-mszalne"],"_links":{"self":[{"href":"https:\/\/parafiabesko.pl\/index.php?rest_route=\/wp\/v2\/posts\/9335","targetHints":{"allow":["GET"]}}],"collection":[{"href":"https:\/\/parafiabesko.pl\/index.php?rest_route=\/wp\/v2\/posts"}],"about":[{"href":"https:\/\/parafiabesko.pl\/index.php?rest_route=\/wp\/v2\/types\/post"}],"author":[{"embeddable":true,"href":"https:\/\/parafiabesko.pl\/index.php?rest_route=\/wp\/v2\/users\/1"}],"replies":[{"embeddable":true,"href":"https:\/\/parafiabesko.pl\/index.php?rest_route=%2Fwp%2Fv2%2Fcomments&post=9335"}],"version-history":[{"count":0,"href":"https:\/\/parafiabesko.pl\/index.php?rest_route=\/wp\/v2\/posts\/9335\/revisions"}],"wp:attachment":[{"href":"https:\/\/parafiabesko.pl\/index.php?rest_route=%2Fwp%2Fv2%2Fmedia&parent=9335"}],"wp:term":[{"taxonomy":"category","embeddable":true,"href":"https:\/\/parafiabesko.pl\/index.php?rest_route=%2Fwp%2Fv2%2Fcategories&post=9335"},{"taxonomy":"post_tag","embeddable":true,"href":"https:\/\/parafiabesko.pl\/index.php?rest_route=%2Fwp%2Fv2%2Ftags&post=9335"}],"curies":[{"name":"wp","href":"https:\/\/api.w.org\/{rel}","templated":true}]}}