{"id":9327,"date":"2021-09-19T14:44:13","date_gmt":"2021-09-19T14:44:13","guid":{"rendered":"http:\/\/parafiabesko.pl\/?p=9327"},"modified":"2021-09-19T14:44:13","modified_gmt":"2021-09-19T14:44:13","slug":"ogloszenia-parafialne-19-09-2021-r-2","status":"publish","type":"post","link":"https:\/\/parafiabesko.pl\/?p=9327","title":{"rendered":"Og\u0142oszenia parafialne 19.09.2021 r."},"content":{"rendered":"<p><strong>25 \u00a0Niedziela zwyk\u0142a<\/strong><\/p>\n<p><strong>19.09.2021 roku<\/strong><\/p>\n<p><strong>\u00a0<\/strong><\/p>\n<p>Taca z dzisiejszej niedzieli przeznaczona jest na Archidiecezjalne Radio Fara.<\/p>\n<p><strong>\u00a0<\/strong><\/p>\n<p>W poniedzia\u0142ek\u00a0 o godz. 18.00 modlitwa przy relikwiach \u015bw. Jana Paw\u0142a II.<\/p>\n<p>&nbsp;<\/p>\n<p>We wtorek 21 wrze\u015bnia o godz. 13.00 na cerkwisku b\u0119dzie odm\u00f3wiona modlitwa za zmar\u0142ych. Zapraszamy do wsp\u00f3lnej modlitwy.<\/p>\n<p>&nbsp;<\/p>\n<p>We wtorek o godz. 18.00 nabo\u017ce\u0144stwo do Bo\u017cego Mi\u0142osierdzia.<\/p>\n<p>&nbsp;<\/p>\n<p>W \u015brod\u0119 o godz. 18.00 Nowenna do Matki Bo\u017cej Nieustaj\u0105cej Pomocy.<\/p>\n<p>&nbsp;<\/p>\n<p>W czwartek po Mszy \u015bw. wieczorowej spotkanie w ko\u015bciele rodzic\u00f3w kl. III przygotowuj\u0105cych si\u0119 do pierwszej spowiedzi i komunii \u015bwi\u0119tej.<\/p>\n","protected":false},"excerpt":{"rendered":"<p>25 \u00a0Niedziela zwyk\u0142a 19.09.2021 roku \u00a0 Taca z dzisiejszej niedzieli przeznaczona jest na Archidiecezjalne Radio Fara. \u00a0 W poniedzia\u0142ek\u00a0 o godz. 18.00 modlitwa przy relikwiach \u015bw. Jana Paw\u0142a II. &nbsp; We wtorek 21 wrze\u015bnia o godz. 13.00 na cerkwisku b\u0119dzie odm\u00f3wiona modlitwa za zmar\u0142ych. Zapraszamy do wsp\u00f3lnej modlitwy. &nbsp; We<span class=\"more-link\"><a href=\"https:\/\/parafiabesko.pl\/?p=9327\">Czytaj wi\u0119cej<\/a><\/span><\/p>\n","protected":false},"author":1,"featured_media":0,"comment_status":"closed","ping_status":"open","sticky":false,"template":"","format":"standard","meta":{"footnotes":""},"categories":[7],"tags":[],"class_list":["entry","author-adminparafiibesko","post-9327","post","type-post","status-publish","format-standard","category-ogloszenia-parafialne"],"_links":{"self":[{"href":"https:\/\/parafiabesko.pl\/index.php?rest_route=\/wp\/v2\/posts\/9327","targetHints":{"allow":["GET"]}}],"collection":[{"href":"https:\/\/parafiabesko.pl\/index.php?rest_route=\/wp\/v2\/posts"}],"about":[{"href":"https:\/\/parafiabesko.pl\/index.php?rest_route=\/wp\/v2\/types\/post"}],"author":[{"embeddable":true,"href":"https:\/\/parafiabesko.pl\/index.php?rest_route=\/wp\/v2\/users\/1"}],"replies":[{"embeddable":true,"href":"https:\/\/parafiabesko.pl\/index.php?rest_route=%2Fwp%2Fv2%2Fcomments&post=9327"}],"version-history":[{"count":0,"href":"https:\/\/parafiabesko.pl\/index.php?rest_route=\/wp\/v2\/posts\/9327\/revisions"}],"wp:attachment":[{"href":"https:\/\/parafiabesko.pl\/index.php?rest_route=%2Fwp%2Fv2%2Fmedia&parent=9327"}],"wp:term":[{"taxonomy":"category","embeddable":true,"href":"https:\/\/parafiabesko.pl\/index.php?rest_route=%2Fwp%2Fv2%2Fcategories&post=9327"},{"taxonomy":"post_tag","embeddable":true,"href":"https:\/\/parafiabesko.pl\/index.php?rest_route=%2Fwp%2Fv2%2Ftags&post=9327"}],"curies":[{"name":"wp","href":"https:\/\/api.w.org\/{rel}","templated":true}]}}