{"id":9317,"date":"2021-09-19T14:25:22","date_gmt":"2021-09-19T14:25:22","guid":{"rendered":"http:\/\/parafiabesko.pl\/?p=9317"},"modified":"2021-09-19T14:25:22","modified_gmt":"2021-09-19T14:25:22","slug":"intencje-mszalne-20-26-09-2021-r","status":"publish","type":"post","link":"https:\/\/parafiabesko.pl\/?p=9317","title":{"rendered":"Intencje mszalne  20-26.09.2021 r."},"content":{"rendered":"<table width=\"101%\">\n<tbody>\n<tr>\n<td colspan=\"3\" width=\"100%\">&nbsp;<\/p>\n<p><strong>\u00a025 Niedziela zwyk\u0142a<\/strong><\/p>\n<p>20 \u2013 26.09.2021 r.<\/td>\n<\/tr>\n<tr>\n<td rowspan=\"2\" width=\"32%\"><strong>Poniedzia\u0142ek<\/strong><\/p>\n<p>20.09.2021<\/td>\n<td width=\"11%\">7.00<\/p>\n<p>&nbsp;<\/td>\n<td width=\"55%\">+ Janina Stanis\u0142aw Mroczkowscy<\/td>\n<\/tr>\n<tr>\n<td width=\"11%\">18.00<\/td>\n<td width=\"55%\">1. + Michalina \/42 r. \u015bm.\/ Jan SzuL i zm. rodzice i dzieci<\/p>\n<p>2. \u2013 dzi\u0119kczynna w 3 rocznic\u0119 \u015blubu Beaty i Kamila z pro\u015bb\u0105 o Bo\u017ce b\u0142ogos\u0142awie\u0144stwo<\/td>\n<\/tr>\n<tr>\n<td rowspan=\"2\" width=\"32%\"><strong>Wtorek <\/strong><\/p>\n<p>21.09.2021<\/td>\n<td width=\"11%\">7.00<\/td>\n<td width=\"55%\">+ Zofia Kazimierz W\u00f3jcik<\/td>\n<\/tr>\n<tr>\n<td width=\"11%\">18.00<\/td>\n<td width=\"55%\">1. + Krystyna Bolanowska<\/p>\n<p>2. \u2013 w intencji Panu Bogu wiadomej<\/td>\n<\/tr>\n<tr>\n<td rowspan=\"2\" width=\"32%\"><strong>\u015aroda\u00a0 <\/strong><\/p>\n<p>22.09.2021<\/td>\n<td width=\"11%\">7.00<\/td>\n<td width=\"55%\">+ Stanis\u0142aw Koczwara<\/td>\n<\/tr>\n<tr>\n<td width=\"11%\">18.00<\/td>\n<td width=\"55%\">1. \u2013 o Bo\u017ce b\u0142ogos\u0142awie\u0144stwo i opiek\u0119 M. Bo\u017cej dla Maciusia of. pradziadkowie<\/p>\n<p>2. + Boles\u0142aw Bana\u015b \/20 r. \u015bm.\/ of. syn Tomasz z rodzin\u0105<\/td>\n<\/tr>\n<tr>\n<td rowspan=\"2\" width=\"32%\"><strong>Czwartek <\/strong><\/p>\n<p>23.09.2021<\/td>\n<td width=\"11%\">7.00<\/td>\n<td width=\"55%\">+ Kazimierz Wr\u00f3bel of. Agata Stapi\u0144ska-Marsza\u0142ek z rodzin\u0105<\/td>\n<\/tr>\n<tr>\n<td width=\"11%\">18.00<\/td>\n<td width=\"55%\">1. + J\u00f3zef Szul of. wnuczku Julita i Paulina<\/p>\n<p>2. \u2013 dzi\u0119kczynna w 50 rocznic\u0119 \u015blubu Jadwigi i Kazimierza oraz\u00a0 20 rocznic\u0119 \u015blubu Marzeny i Dariusza z pro\u015bb\u0105 o b\u0142og. Bo\u017ce i opiek\u0119 M. Bo\u017cej<\/td>\n<\/tr>\n<tr>\n<td rowspan=\"2\" width=\"32%\"><strong>Pi\u0105tek<\/strong><\/p>\n<p>24.09.2021<\/td>\n<td width=\"11%\">7.00<\/td>\n<td width=\"55%\">+ Walentyna Dominiak<\/td>\n<\/tr>\n<tr>\n<td width=\"11%\">18.00<\/td>\n<td width=\"55%\">1. + Stanis\u0142aw, Stanis\u0142aw i Michalin\u0119<\/p>\n<p>2. + Jerzy, Stanis\u0142aw i zm. rodzic\u00f3w<\/td>\n<\/tr>\n<tr>\n<td rowspan=\"2\" width=\"32%\"><strong>Sobota <\/strong><\/p>\n<p>25.09.2021<\/td>\n<td width=\"11%\">7.00<\/td>\n<td width=\"55%\">+ Gra\u017cyna Gomek of. kole\u017canka Szcz\u0119sna<\/td>\n<\/tr>\n<tr>\n<td width=\"11%\">18.00<\/td>\n<td width=\"55%\">1. + Kazimierz Wr\u00f3bel of. rodzina Klimek<\/p>\n<p>2. + Tomasz Hajduk of. \u017cona<\/td>\n<\/tr>\n<tr>\n<td rowspan=\"4\" width=\"32%\"><strong>NIEDZIELA <\/strong><\/p>\n<p><strong>\u00a0<\/strong><\/p>\n<p>26.09.2021<\/td>\n<td width=\"11%\">7.30<\/td>\n<td width=\"55%\">&#8211; o zdrowie i b\u0142og. Bo\u017ce dla si\u00f3str z r\u00f3\u017cy Wniebowzi\u0119cia NMP prze\u0142o\u017cona Agata Mroczkowska<\/td>\n<\/tr>\n<tr>\n<td width=\"11%\">9.15<\/td>\n<td width=\"55%\">+ Franciszek Mermer<\/td>\n<\/tr>\n<tr>\n<td width=\"11%\">11.00<\/td>\n<td width=\"55%\"><strong>Za Parafian<\/strong><\/td>\n<\/tr>\n<tr>\n<td width=\"11%\">16.30<\/td>\n<td width=\"55%\">+ J\u00f3zef\u0119 Sza\u0142ankiewicz \/4 r. \u015bm. \/ of. c\u00f3rka z rodzin\u0105<\/td>\n<\/tr>\n<\/tbody>\n<\/table>\n","protected":false},"excerpt":{"rendered":"<p>&nbsp; \u00a025 Niedziela zwyk\u0142a 20 \u2013 26.09.2021 r. Poniedzia\u0142ek 20.09.2021 7.00 &nbsp; + Janina Stanis\u0142aw Mroczkowscy 18.00 1. + Michalina \/42 r. \u015bm.\/ Jan SzuL i zm. rodzice i dzieci 2. \u2013 dzi\u0119kczynna w 3 rocznic\u0119 \u015blubu Beaty i Kamila z pro\u015bb\u0105 o Bo\u017ce b\u0142ogos\u0142awie\u0144stwo Wtorek 21.09.2021 7.00 + Zofia<span class=\"more-link\"><a href=\"https:\/\/parafiabesko.pl\/?p=9317\">Czytaj wi\u0119cej<\/a><\/span><\/p>\n","protected":false},"author":1,"featured_media":0,"comment_status":"closed","ping_status":"open","sticky":false,"template":"","format":"standard","meta":{"footnotes":""},"categories":[4],"tags":[],"class_list":["entry","author-adminparafiibesko","post-9317","post","type-post","status-publish","format-standard","category-intencje-mszalne"],"_links":{"self":[{"href":"https:\/\/parafiabesko.pl\/index.php?rest_route=\/wp\/v2\/posts\/9317","targetHints":{"allow":["GET"]}}],"collection":[{"href":"https:\/\/parafiabesko.pl\/index.php?rest_route=\/wp\/v2\/posts"}],"about":[{"href":"https:\/\/parafiabesko.pl\/index.php?rest_route=\/wp\/v2\/types\/post"}],"author":[{"embeddable":true,"href":"https:\/\/parafiabesko.pl\/index.php?rest_route=\/wp\/v2\/users\/1"}],"replies":[{"embeddable":true,"href":"https:\/\/parafiabesko.pl\/index.php?rest_route=%2Fwp%2Fv2%2Fcomments&post=9317"}],"version-history":[{"count":0,"href":"https:\/\/parafiabesko.pl\/index.php?rest_route=\/wp\/v2\/posts\/9317\/revisions"}],"wp:attachment":[{"href":"https:\/\/parafiabesko.pl\/index.php?rest_route=%2Fwp%2Fv2%2Fmedia&parent=9317"}],"wp:term":[{"taxonomy":"category","embeddable":true,"href":"https:\/\/parafiabesko.pl\/index.php?rest_route=%2Fwp%2Fv2%2Fcategories&post=9317"},{"taxonomy":"post_tag","embeddable":true,"href":"https:\/\/parafiabesko.pl\/index.php?rest_route=%2Fwp%2Fv2%2Ftags&post=9317"}],"curies":[{"name":"wp","href":"https:\/\/api.w.org\/{rel}","templated":true}]}}